{"id":6111,"date":"2011-11-11T01:47:08","date_gmt":"2011-11-10T23:47:08","guid":{"rendered":"http:\/\/www.kulturtechno.de\/?p=6111"},"modified":"2011-11-11T17:54:19","modified_gmt":"2011-11-11T15:54:19","slug":"der-computer-und-die-avantgarde-frieze","status":"publish","type":"post","link":"http:\/\/www.kulturtechno.de\/?p=6111","title":{"rendered":"Der Computer und die Avantgarde @Frieze"},"content":{"rendered":"<p><a href=\"http:\/\/www.geraeuschen.de\/\">Bj\u00f6rn Gottstein<\/a> hat f\u00fcr die Zeitschrift <a href=\"http:\/\/frieze-magazin.de\/\">Frieze<\/a> einen Artikel \u00fcber die Debatte um Computermusik, die seit Fr\u00fchjahr 2010 l\u00e4uft, geschrieben.<\/p>\n<p>snip:<\/p>\n<blockquote><p>Obschon Musik fr\u00fch und in hohem Ma\u00dfe von der Digitalisierung betroffen war, hat man sich im Bereich der Kunstmusik lange davor gescheut, die Konsequenzen in Bezug auf eine \u00c4sthetik avantgardistischen Anspruchs zu benennen. Dabei geht es nicht um rein technische Fragestellungen, die in Zeitschriften wie dem Computer Music Journal hinl\u00e4nglich beantwortet werden. Es geht auch nicht um ein zu verh\u00e4ngendes Streichquartettverbot. Sondern darum, ob und wie die Neue Musik dem Erfahrungshorizont der Gegenwart Rechnung zu tragen in der Lage ist.<\/p><\/blockquote>\n<p><a href=\"http:\/\/frieze-magazin.de\/archiv\/kolumnen\/strgaltentf-der-computer-und-die-avantgarde\/\"><br \/>\nhttp:\/\/frieze-magazin.de\/archiv\/kolumnen\/strgaltentf-der-computer-und-die-avantgarde\/<\/a><br \/>\n(nur f\u00fcr registrierte Mitglieder)<\/p>\n<p>Ein Erratum des Autors ist zu korrigieren: Anders als Gottstein schreibt habe ich nicht bei Mahnkopf studiert.<\/p>\n<p>In der n\u00e4chsten Ausgabe der &#8222;Darmst\u00e4dter Beitr\u00e4ge f\u00fcr Neue Musik&#8220; wird es dann einen ausf\u00fchrlichen Text von mir geben \u00fcber meine Kompositionssoftware <a href=\"http:\/\/www.kreidler-net.de\/theorie\/coit.htm\">COIT<\/a>; darin gehe ich auf einige zentrale Punkte der Auseinandersetzung ein bzw. kann sie dann hoffentlich am Beispiel kl\u00e4ren.<\/p>\n","protected":false},"excerpt":{"rendered":"<p>Bj\u00f6rn Gottstein hat f\u00fcr die Zeitschrift Frieze einen Artikel \u00fcber die Debatte um Computermusik, die seit Fr\u00fchjahr 2010 l\u00e4uft, geschrieben. snip: Obschon Musik fr\u00fch und in hohem Ma\u00dfe von der Digitalisierung betroffen war, hat man sich im Bereich der Kunstmusik lange davor gescheut, die Konsequenzen in Bezug auf eine \u00c4sthetik avantgardistischen Anspruchs zu benennen. Dabei [&hellip;]<\/p>\n","protected":false},"author":1,"featured_media":0,"comment_status":"open","ping_status":"open","sticky":false,"template":"","format":"standard","meta":{"_links_to":"","_links_to_target":"","footnotes":""},"categories":[3,5],"tags":[],"class_list":["post-6111","post","type-post","status-publish","format-standard","hentry","category-id","category-technologik"],"_links":{"self":[{"href":"http:\/\/www.kulturtechno.de\/index.php?rest_route=\/wp\/v2\/posts\/6111"}],"collection":[{"href":"http:\/\/www.kulturtechno.de\/index.php?rest_route=\/wp\/v2\/posts"}],"about":[{"href":"http:\/\/www.kulturtechno.de\/index.php?rest_route=\/wp\/v2\/types\/post"}],"author":[{"embeddable":true,"href":"http:\/\/www.kulturtechno.de\/index.php?rest_route=\/wp\/v2\/users\/1"}],"replies":[{"embeddable":true,"href":"http:\/\/www.kulturtechno.de\/index.php?rest_route=%2Fwp%2Fv2%2Fcomments&post=6111"}],"version-history":[{"count":9,"href":"http:\/\/www.kulturtechno.de\/index.php?rest_route=\/wp\/v2\/posts\/6111\/revisions"}],"predecessor-version":[{"id":6137,"href":"http:\/\/www.kulturtechno.de\/index.php?rest_route=\/wp\/v2\/posts\/6111\/revisions\/6137"}],"wp:attachment":[{"href":"http:\/\/www.kulturtechno.de\/index.php?rest_route=%2Fwp%2Fv2%2Fmedia&parent=6111"}],"wp:term":[{"taxonomy":"category","embeddable":true,"href":"http:\/\/www.kulturtechno.de\/index.php?rest_route=%2Fwp%2Fv2%2Fcategories&post=6111"},{"taxonomy":"post_tag","embeddable":true,"href":"http:\/\/www.kulturtechno.de\/index.php?rest_route=%2Fwp%2Fv2%2Ftags&post=6111"}],"curies":[{"name":"wp","href":"https:\/\/api.w.org\/{rel}","templated":true}]}}