{"id":6050,"date":"2011-11-19T05:01:59","date_gmt":"2011-11-19T03:01:59","guid":{"rendered":"http:\/\/www.kulturtechno.de\/?p=6050"},"modified":"2011-11-19T21:20:48","modified_gmt":"2011-11-19T19:20:48","slug":"laptop-als-instrument-swr-2","status":"publish","type":"post","link":"http:\/\/www.kulturtechno.de\/?p=6050","title":{"rendered":"Laptop als Instrument? @SWR2"},"content":{"rendered":"<p>Heute Nacht sendet <a href=\"http:\/\/www.swr.de\/swr2\">SWR 2<\/a> die &#8222;Lange Nacht des Experimentalstudios&#8220;. Darin um 2h die \u00dcbertragung der Podiumsdiskussion &#8222;Laptop als Instrument?&#8220; vom 31.5.2011 (Kulturtechno <a href=\"http:\/\/www.kulturtechno.de\/?p=4477\">berichtete<\/a>). Die Nachteulen erwartet eine lebhafte Diskussion (&#8222;Der Kreidler wollte mich erschie\u00dfen!!&#8220; soll Andr\u00e9 Richard sp\u00e4ter gesagt haben. &#8211; Wollte ich gewiss nicht.).<\/p>\n<blockquote><p>SWR2 Die lange Nacht des Experimentalstudios<\/p>\n<p>40 Jahre Experimentalstudio des SWR<\/p>\n<p>02:00 &#8211; 03:00<\/p>\n<p>&#8222;Laptop als Instrument?&#8220;<\/p>\n<p>matrix11 Roundtable<br \/>\nMit Daniel Peter Bir\u00f3, Orm Finnendahl, Johannes Kreidler und Andr\u00e9 Richard<br \/>\nModeration: Bj\u00f6rn Gottstein<\/p><\/blockquote>\n<p><a href=\"http:\/\/www.swr.de\/swr2\/programm\/-\/id=661104\/nid=661104\/did=8711530\/k3bnoi\/index.html\">http:\/\/www.swr.de\/swr2\/programm\/-\/id=661104\/nid=661104\/did=8711530\/k3bnoi\/index.html<\/a><\/p>\n<p>Livestrom:<br \/>\n<a href=\"http:\/\/mp3-live.swr.de\/swr2_m.m3u\">http:\/\/mp3-live.swr.de\/swr2_m.m3u<\/a><\/p>\n<p>+<br \/>\n+<br \/>\n+<br \/>\n+<br \/>\n+<br \/>\n+<br \/>\n+<br \/>\n+<\/p>\n<p>Das meint der <a href=\"http:\/\/www.titanic-magazin.de\/karikaturen_baukasten.html\">Kulturtechno-Karikaturist<\/a> dazu:<\/p>\n<p><a href=\"http:\/\/www.kulturtechno.de\/images\/sendeplatz1.png\" rel=\"lightbox[6050]\"><img loading=\"lazy\" decoding=\"async\" src=\"http:\/\/www.kulturtechno.de\/images\/sendeplatz1.png\" alt=\"\" title=\"\" width=\"500\" height=\"381\" class=\"alignnone size-full wp-image-6247\" srcset=\"http:\/\/www.kulturtechno.de\/images\/sendeplatz1.png 783w, http:\/\/www.kulturtechno.de\/images\/sendeplatz1-150x114.png 150w, http:\/\/www.kulturtechno.de\/images\/sendeplatz1-300x228.png 300w\" sizes=\"(max-width: 500px) 100vw, 500px\" \/><\/a><\/p>\n","protected":false},"excerpt":{"rendered":"<p>Heute Nacht sendet SWR 2 die &#8222;Lange Nacht des Experimentalstudios&#8220;. Darin um 2h die \u00dcbertragung der Podiumsdiskussion &#8222;Laptop als Instrument?&#8220; vom 31.5.2011 (Kulturtechno berichtete). Die Nachteulen erwartet eine lebhafte Diskussion (&#8222;Der Kreidler wollte mich erschie\u00dfen!!&#8220; soll Andr\u00e9 Richard sp\u00e4ter gesagt haben. &#8211; Wollte ich gewiss nicht.). SWR2 Die lange Nacht des Experimentalstudios 40 Jahre Experimentalstudio [&hellip;]<\/p>\n","protected":false},"author":1,"featured_media":0,"comment_status":"open","ping_status":"open","sticky":false,"template":"","format":"standard","meta":{"_links_to":"","_links_to_target":"","footnotes":""},"categories":[3],"tags":[],"class_list":["post-6050","post","type-post","status-publish","format-standard","hentry","category-id"],"_links":{"self":[{"href":"http:\/\/www.kulturtechno.de\/index.php?rest_route=\/wp\/v2\/posts\/6050"}],"collection":[{"href":"http:\/\/www.kulturtechno.de\/index.php?rest_route=\/wp\/v2\/posts"}],"about":[{"href":"http:\/\/www.kulturtechno.de\/index.php?rest_route=\/wp\/v2\/types\/post"}],"author":[{"embeddable":true,"href":"http:\/\/www.kulturtechno.de\/index.php?rest_route=\/wp\/v2\/users\/1"}],"replies":[{"embeddable":true,"href":"http:\/\/www.kulturtechno.de\/index.php?rest_route=%2Fwp%2Fv2%2Fcomments&post=6050"}],"version-history":[{"count":7,"href":"http:\/\/www.kulturtechno.de\/index.php?rest_route=\/wp\/v2\/posts\/6050\/revisions"}],"predecessor-version":[{"id":6052,"href":"http:\/\/www.kulturtechno.de\/index.php?rest_route=\/wp\/v2\/posts\/6050\/revisions\/6052"}],"wp:attachment":[{"href":"http:\/\/www.kulturtechno.de\/index.php?rest_route=%2Fwp%2Fv2%2Fmedia&parent=6050"}],"wp:term":[{"taxonomy":"category","embeddable":true,"href":"http:\/\/www.kulturtechno.de\/index.php?rest_route=%2Fwp%2Fv2%2Fcategories&post=6050"},{"taxonomy":"post_tag","embeddable":true,"href":"http:\/\/www.kulturtechno.de\/index.php?rest_route=%2Fwp%2Fv2%2Ftags&post=6050"}],"curies":[{"name":"wp","href":"https:\/\/api.w.org\/{rel}","templated":true}]}}