{"id":6045,"date":"2011-11-14T00:55:04","date_gmt":"2011-11-13T22:55:04","guid":{"rendered":"http:\/\/www.kulturtechno.de\/?p=6045"},"modified":"2011-11-07T22:08:08","modified_gmt":"2011-11-07T20:08:08","slug":"kreidler-radiosendung-uber-schopfungsprozesse","status":"publish","type":"post","link":"http:\/\/www.kulturtechno.de\/?p=6045","title":{"rendered":"Kreidler @Radiosendung \u00fcber Sch\u00f6pfungsprozesse"},"content":{"rendered":"<p>Heute abend, 23.03h sendet <a href=\"http:\/\/www.swr.de\/swr2\">SWR 2<\/a> eine Sendung von Martina Seeber \u00fcber Kreativit\u00e4t und Sch\u00f6pfungsprozesse bei Komponisten, worin u.a. auch ich zu Wort komme.<\/p>\n<blockquote><p>SWR2 JetztMusik Tr\u00e4umen, rechnen, konstruieren, w\u00fcrfeln<\/p>\n<p>Von Sch\u00f6pfungsprozessen und kreativen Strategien<\/p>\n<p>Sendung am Montag, 14.11.2011, 23.03 bis 0.00 Uhr<\/p>\n<p>Von Martina Seeber<\/p>\n<p>Ein Klang, schillernd in s\u00e4mtlichen Farben und T\u00f6nen, so beschreibt Sofia Gubaidulina die kurz aufblitzenden akustisch-visuellen Initialz\u00fcndungen ihrer Kompositionen. Der Rest sei harte Arbeit, kein Spa\u00df. Giacinto Scelsi meditierte und improvisierte, w\u00e4hrend John Cage w\u00fcrfelte, um sich allzu pers\u00f6nlichen Entscheidungen zu entziehen. Kreative Prozesse lassen sich in der zeitgen\u00f6ssischen Musik auf keinen gemeinsamen Nenner bringen. Manche Methoden haben mehr mit experimenteller Physik, Malerei oder Kochkunst zu tun als mit der Ausarbeitung akustischer Einf\u00e4lle. Komponieren ist eine Kulturtechnik und damit dem gesellschaftlichen Wandel unterworfen. Darin liegt der Hauptgrund, weshalb die Hirnforschung der Entstehung von Musik bis heute nicht auf die Schliche gekommen ist. Die h\u00f6chst individuellen Strategien und Sch\u00f6pfungsprozesse verraten daf\u00fcr umso mehr \u00fcber die K\u00fcnstler und ihre Zeit. Es gibt nicht eine, sondern tausende von Antworten auf die Frage: Wie kommt die Musik in die Welt?\n<\/p><\/blockquote>\n<p>Livestrom:<br \/>\n<a href=\"http:\/\/mp3-live.swr.de\/swr2_m.m3u\">http:\/\/mp3-live.swr.de\/swr2_m.m3u<\/a><\/p>\n","protected":false},"excerpt":{"rendered":"<p>Heute abend, 23.03h sendet SWR 2 eine Sendung von Martina Seeber \u00fcber Kreativit\u00e4t und Sch\u00f6pfungsprozesse bei Komponisten, worin u.a. auch ich zu Wort komme. SWR2 JetztMusik Tr\u00e4umen, rechnen, konstruieren, w\u00fcrfeln Von Sch\u00f6pfungsprozessen und kreativen Strategien Sendung am Montag, 14.11.2011, 23.03 bis 0.00 Uhr Von Martina Seeber Ein Klang, schillernd in s\u00e4mtlichen Farben und T\u00f6nen, so [&hellip;]<\/p>\n","protected":false},"author":1,"featured_media":0,"comment_status":"open","ping_status":"open","sticky":false,"template":"","format":"standard","meta":{"_links_to":"","_links_to_target":"","footnotes":""},"categories":[3],"tags":[],"class_list":["post-6045","post","type-post","status-publish","format-standard","hentry","category-id"],"_links":{"self":[{"href":"http:\/\/www.kulturtechno.de\/index.php?rest_route=\/wp\/v2\/posts\/6045"}],"collection":[{"href":"http:\/\/www.kulturtechno.de\/index.php?rest_route=\/wp\/v2\/posts"}],"about":[{"href":"http:\/\/www.kulturtechno.de\/index.php?rest_route=\/wp\/v2\/types\/post"}],"author":[{"embeddable":true,"href":"http:\/\/www.kulturtechno.de\/index.php?rest_route=\/wp\/v2\/users\/1"}],"replies":[{"embeddable":true,"href":"http:\/\/www.kulturtechno.de\/index.php?rest_route=%2Fwp%2Fv2%2Fcomments&post=6045"}],"version-history":[{"count":5,"href":"http:\/\/www.kulturtechno.de\/index.php?rest_route=\/wp\/v2\/posts\/6045\/revisions"}],"predecessor-version":[{"id":6054,"href":"http:\/\/www.kulturtechno.de\/index.php?rest_route=\/wp\/v2\/posts\/6045\/revisions\/6054"}],"wp:attachment":[{"href":"http:\/\/www.kulturtechno.de\/index.php?rest_route=%2Fwp%2Fv2%2Fmedia&parent=6045"}],"wp:term":[{"taxonomy":"category","embeddable":true,"href":"http:\/\/www.kulturtechno.de\/index.php?rest_route=%2Fwp%2Fv2%2Fcategories&post=6045"},{"taxonomy":"post_tag","embeddable":true,"href":"http:\/\/www.kulturtechno.de\/index.php?rest_route=%2Fwp%2Fv2%2Ftags&post=6045"}],"curies":[{"name":"wp","href":"https:\/\/api.w.org\/{rel}","templated":true}]}}