{"id":546,"date":"2008-12-01T19:11:28","date_gmt":"2008-12-01T17:11:28","guid":{"rendered":"http:\/\/www.kulturtechno.de\/?p=546"},"modified":"2008-12-01T19:12:53","modified_gmt":"2008-12-01T17:12:53","slug":"der-fall-andrej-holm","status":"publish","type":"post","link":"http:\/\/www.kulturtechno.de\/?p=546","title":{"rendered":"Der Fall Andrej Holm"},"content":{"rendered":"<p>&#8222;Und pl\u00f6tzlich bist du Terrorist&#8220; hei\u00dft eine Sendung vom SWR2 \u00fcber Andrej Holm, der wegen Terrorverdachts observiert und inhaftiert wurde und auf den ich mich in meiner kommenden Aktion &#8222;Call Wolfgang&#8220; beziehen werde.<\/p>\n<blockquote><p>Im Sommer letzten Jahres st\u00fcrmt ein Spezial-Einsatz-Kommando die Wohnung des Soziologen Andrej Holm. Er sei der Kopf der linksextremistischen Organisation &#8222;militante gruppe&#8220;, in deren Namen in Berlin und Brandenburg Brandanschl\u00e4ge ver\u00fcbt wurden, lautet der Vorwurf. \u00dcber ein Jahr werden Holm, seine Lebensgef\u00e4hrtin und die zwei Kinder observiert. Obwohl die Indizien der Bundesanwaltschaft sich nicht erh\u00e4rten lassen und selbst der Bundesgerichtshof die Vorw\u00fcrfe als &#8222;blo\u00dfe Vermutungen&#8220; bezeichnet, wird die Familie weiterhin beobachtet, werden Kameras installiert, folgen die Ermittler Holm t\u00e4glich zur Arbeit mit einer \u00dcberwachungslogik, die scheinbar nicht mehr aufzuhalten ist.<\/p><\/blockquote>\n<p><a href=\"http:\/\/www.swr.de\/swr2\/programm\/sendungen\/leben\/-\/id=660174\/nid=660174\/did=4129070\/1md6jz7\/index.html\">http:\/\/www.swr.de\/swr2\/programm\/sendungen\/leben\/-\/id=660174\/nid=660174\/did=4129070\/1md6jz7\/index.html<\/a><\/p>\n<p>Mediathek:<br \/>\n<a href=\"http:\/\/mp3.swr.de\/swr2\/leben\/2008\/12-01\/swr2leben20081201_ploetzlich_terrorist.6444m.mp3\">http:\/\/mp3.swr.de\/swr2\/leben\/2008\/12-01\/swr2leben20081201_ploetzlich_terrorist.6444m.mp3<\/a><\/p>\n<p><a href=\"http:\/\/netzpolitik.org\/2008\/swr2-und-ploetzlich-bist-du-terrorist\/\">via<\/a><\/p>\n","protected":false},"excerpt":{"rendered":"<p>&#8222;Und pl\u00f6tzlich bist du Terrorist&#8220; hei\u00dft eine Sendung vom SWR2 \u00fcber Andrej Holm, der wegen Terrorverdachts observiert und inhaftiert wurde und auf den ich mich in meiner kommenden Aktion &#8222;Call Wolfgang&#8220; beziehen werde. Im Sommer letzten Jahres st\u00fcrmt ein Spezial-Einsatz-Kommando die Wohnung des Soziologen Andrej Holm. Er sei der Kopf der linksextremistischen Organisation &#8222;militante gruppe&#8220;, [&hellip;]<\/p>\n","protected":false},"author":1,"featured_media":0,"comment_status":"closed","ping_status":"open","sticky":false,"template":"","format":"standard","meta":{"_links_to":"","_links_to_target":"","footnotes":""},"categories":[15],"tags":[],"class_list":["post-546","post","type-post","status-publish","format-standard","hentry","category-kritik-der-reinen-vernunft"],"_links":{"self":[{"href":"http:\/\/www.kulturtechno.de\/index.php?rest_route=\/wp\/v2\/posts\/546"}],"collection":[{"href":"http:\/\/www.kulturtechno.de\/index.php?rest_route=\/wp\/v2\/posts"}],"about":[{"href":"http:\/\/www.kulturtechno.de\/index.php?rest_route=\/wp\/v2\/types\/post"}],"author":[{"embeddable":true,"href":"http:\/\/www.kulturtechno.de\/index.php?rest_route=\/wp\/v2\/users\/1"}],"replies":[{"embeddable":true,"href":"http:\/\/www.kulturtechno.de\/index.php?rest_route=%2Fwp%2Fv2%2Fcomments&post=546"}],"version-history":[{"count":2,"href":"http:\/\/www.kulturtechno.de\/index.php?rest_route=\/wp\/v2\/posts\/546\/revisions"}],"predecessor-version":[{"id":548,"href":"http:\/\/www.kulturtechno.de\/index.php?rest_route=\/wp\/v2\/posts\/546\/revisions\/548"}],"wp:attachment":[{"href":"http:\/\/www.kulturtechno.de\/index.php?rest_route=%2Fwp%2Fv2%2Fmedia&parent=546"}],"wp:term":[{"taxonomy":"category","embeddable":true,"href":"http:\/\/www.kulturtechno.de\/index.php?rest_route=%2Fwp%2Fv2%2Fcategories&post=546"},{"taxonomy":"post_tag","embeddable":true,"href":"http:\/\/www.kulturtechno.de\/index.php?rest_route=%2Fwp%2Fv2%2Ftags&post=546"}],"curies":[{"name":"wp","href":"https:\/\/api.w.org\/{rel}","templated":true}]}}