{"id":5311,"date":"2011-09-01T05:00:18","date_gmt":"2011-09-01T03:00:18","guid":{"rendered":"http:\/\/www.kulturtechno.de\/?p=5311"},"modified":"2011-09-01T16:35:02","modified_gmt":"2011-09-01T14:35:02","slug":"kreidleragenda-herbst-2011","status":"publish","type":"post","link":"http:\/\/www.kulturtechno.de\/?p=5311","title":{"rendered":"Kreidleragenda Herbst 2011"},"content":{"rendered":"<p>Die neue Saison geht los, bis Jahresende steht bislang bei mir folgendes auf dem Programm&#8211; <\/p>\n<p>Herausheben m\u00f6chte ich die Urauff\u00fchrung der &#8222;Studie f\u00fcr Klavier, Audio- und Videozuspielung&#8220; beim Festival &#8222;piano+&#8220; des ZKM Karlsruhe am 24.11., es spielt Rei Nakamura, und die Auff\u00fchrung einer szenischen Werkkompilation (bestehend aus &#8222;Fremdarbeit&#8220;, &#8222;Compression Sound Art&#8220;, &#8222;Music for a Solo Western Man&#8220; und Teilen aus &#8222;Feeds. H\u00f6ren TV&#8220;) beim Festival &#8222;Rainy Days&#8220; am 2.12. in Luxemburg, es spielen die United Instruments of Lucilin und Bernhard G\u00fcnther als Side-Kick.<\/p>\n<p><a href=\"http:\/\/www.petervogel-objekte.de\/bilder500\/Nakamura-Vogel%202.jpg\" rel=\"lightbox[5311]\"><img loading=\"lazy\" decoding=\"async\" alt=\"\" src=\"http:\/\/www.petervogel-objekte.de\/bilder500\/Nakamura-Vogel%202.jpg\" class=\"alignnone\" width=\"300\" height=\"201\" \/><\/a><\/p>\n<p>2.12.2011<br \/>\nWerk-Kompilation<br \/>\nFestival &#8222;<a href=\"http:\/\/www.rainydays.lu\/2010\/\">Rainy Days<\/a>&#8220; Luxemburg, United Instruments of Lucilin<\/p>\n<p>29.11.2011<br \/>\nKlavierst\u00fcck 5<br \/>\n<a href=\"http:\/\/www.markknoop.com\/\">Mark Knoop<\/a>, Klavier; Konzert des <a href=\"http:\/\/www.plusminusensemble.com\/\">Ensemble Plus-Minus<\/a> \/ London, City University<\/p>\n<p>24.11.2011<br \/>\nStudie f\u00fcr Klavier, Audio- und Videozuspielung<br \/>\nUrauff\u00fchrung \/ <a href=\"http:\/\/www.myspace.com\/chikaraudon\">Rei Nakamura<\/a>, Klv, Festival &#8222;<a href=\"http:\/\/on1.zkm.de\/zkm\/stories\/storyReader$7261\">Piano+<\/a>&#8222;, ZKM Karlsruhe<\/p>\n<p>24.11.2011<br \/>\nKlavierst\u00fcck 5<br \/>\n<a href=\"http:\/\/www.markknoop.com\/\">Mark Knoop<\/a>, Klavier; <a href=\"http:\/\/www.hcmf.co.uk\/\">Huddersfield Contemporary Music Festival<\/a><\/p>\n<p>23.11.2011<br \/>\nWozu Musik? \u00dcber Daseinsformen (und die Daseinsberechtigung) des heutigen Komponierens<br \/>\nSymposium des Instituts f\u00fcr Neue Musik der Hochschule f\u00fcr Musik Dresden und der S\u00e4chsischen Akademie der K\u00fcnste, im Rahmen von <a href=\"http:\/\/www.klangnetz-dresden.de\/\">KlangNetz Dresden<\/a>. Blockhaus der S\u00e4chsischen Akademie der K\u00fcnste, Dresden<\/p>\n<p>21.11.2011<br \/>\nPr\u00e4sentation eigener Arbeiten<br \/>\nFH Furtwangen<\/p>\n<p>11.2011<br \/>\nDer Laptop als Instrument<br \/>\nPodiumsdiskussion vom Mai, Sendung auf SWR2<\/p>\n<p>3.11.2011<br \/>\ncache surrealism<br \/>\n<a href=\"http:\/\/www.luxnewmusic.de\/\">Lux:nm<\/a> \/ <a href=\"http:\/\/hbc-berlin.de\/\">HBC Club<\/a>, Berlin 20h<\/p>\n<p>21.10.2011<br \/>\nmusic with music<br \/>\nLecture \/ <a href=\"http:\/\/cons.hogent.be\/nl\">Ghent Conservatory<\/a><\/p>\n<p>20.10.2011<br \/>\nin hyper intervals + Fremdarbeit<br \/>\n<a href=\"http:\/\/www.nadarensemble.be\/indexned.html\">Nadar Ensemble<\/a> \/ De Singel, Desguinlei 25, 2018 Antwerpen<\/p>\n<p>7.\/8.10.2011<br \/>\nStil 1c und windowed 1<br \/>\n<a href=\"http:\/\/www.kammerensemble.de\/\">Kammerensemble Neue Musik Berlin<\/a> &#8211; Konzert der <a href=\"http:\/\/www.adk.de\/\">Akademie der K\u00fcnste<\/a> \/ Berlin<\/p>\n<p>10.2011<br \/>\nproduct placements<br \/>\nScreening \/ <a href=\"http:\/\/www.irzu.org\/festival\/festival.html\">EarZoom<\/a> Festival Ljubljana, Slowenien<\/p>\n<p>27.9.2011<br \/>\nJenseits von Engagement und Agitprop &#8211; Tendenzen der Politisierung in der j\u00fcngsten Musik<br \/>\nRadiosendung von Florian Neuner \/ DeutschlandRadio Kultur, 0.05h. Mit einem Statement von Johannes Kreidler.<\/p>\n<p>9.\/10.9.2011<br \/>\n<a href=\"http:\/\/www.kofomi.com\/frs\/symp_frs.html\">Komponistenforum Mittersill<\/a><br \/>\nMit einem Vortrag von Johannes Kreidler \/ Mittersill, \u00d6sterreich<\/p>\n<p>8.9.2011<br \/>\nin hyper intervals<br \/>\n<a href=\"http:\/\/www.apartmenthouse.co.uk\/\">Apartment House<\/a> \/ Oxford, UK <\/p>\n<p>Vorschau 2012: Im Fr\u00fchjahr erscheint im <a href=\"http:\/\/www.wolke-verlag.de\/\">Wolke Verlag<\/a> das Buch &#8222;Musik mit Musik &#8211; Texte 2005-2011&#8220;. Im Juli gibt es die Urauff\u00fchrung eines neuen Werks bei den <a href=\"http:\/\/www.internationales-musikinstitut.de\/index.php?option=com_content&#038;view=category&#038;layout=blog&#038;id=18&#038;Itemid=6&#038;lang=de\">Darmst\u00e4dter Ferienkursen<\/a>, und im Oktober die UA eines neuen Werks bei den <a href=\"http:\/\/www.swr.de\/swr2\/donaueschingen\/-\/id=100794\/7qls53\/index.html\">Donaueschinger Musiktagen<\/a>, beide mit dem <a href=\"http:\/\/www.nadarensemble.be\/indexned.html\">Nadar Ensemble<\/a>. <\/p>\n<p><a href=\"http:\/\/www.kreidler-net.de\/termine.htm\">http:\/\/www.kreidler-net.de\/termine.htm<\/a><\/p>\n","protected":false},"excerpt":{"rendered":"<p>Die neue Saison geht los, bis Jahresende steht bislang bei mir folgendes auf dem Programm&#8211; Herausheben m\u00f6chte ich die Urauff\u00fchrung der &#8222;Studie f\u00fcr Klavier, Audio- und Videozuspielung&#8220; beim Festival &#8222;piano+&#8220; des ZKM Karlsruhe am 24.11., es spielt Rei Nakamura, und die Auff\u00fchrung einer szenischen Werkkompilation (bestehend aus &#8222;Fremdarbeit&#8220;, &#8222;Compression Sound Art&#8220;, &#8222;Music for a Solo [&hellip;]<\/p>\n","protected":false},"author":1,"featured_media":0,"comment_status":"open","ping_status":"open","sticky":false,"template":"","format":"standard","meta":{"_links_to":"","_links_to_target":"","footnotes":""},"categories":[3],"tags":[],"class_list":["post-5311","post","type-post","status-publish","format-standard","hentry","category-id"],"_links":{"self":[{"href":"http:\/\/www.kulturtechno.de\/index.php?rest_route=\/wp\/v2\/posts\/5311"}],"collection":[{"href":"http:\/\/www.kulturtechno.de\/index.php?rest_route=\/wp\/v2\/posts"}],"about":[{"href":"http:\/\/www.kulturtechno.de\/index.php?rest_route=\/wp\/v2\/types\/post"}],"author":[{"embeddable":true,"href":"http:\/\/www.kulturtechno.de\/index.php?rest_route=\/wp\/v2\/users\/1"}],"replies":[{"embeddable":true,"href":"http:\/\/www.kulturtechno.de\/index.php?rest_route=%2Fwp%2Fv2%2Fcomments&post=5311"}],"version-history":[{"count":20,"href":"http:\/\/www.kulturtechno.de\/index.php?rest_route=\/wp\/v2\/posts\/5311\/revisions"}],"predecessor-version":[{"id":5315,"href":"http:\/\/www.kulturtechno.de\/index.php?rest_route=\/wp\/v2\/posts\/5311\/revisions\/5315"}],"wp:attachment":[{"href":"http:\/\/www.kulturtechno.de\/index.php?rest_route=%2Fwp%2Fv2%2Fmedia&parent=5311"}],"wp:term":[{"taxonomy":"category","embeddable":true,"href":"http:\/\/www.kulturtechno.de\/index.php?rest_route=%2Fwp%2Fv2%2Fcategories&post=5311"},{"taxonomy":"post_tag","embeddable":true,"href":"http:\/\/www.kulturtechno.de\/index.php?rest_route=%2Fwp%2Fv2%2Ftags&post=5311"}],"curies":[{"name":"wp","href":"https:\/\/api.w.org\/{rel}","templated":true}]}}