{"id":5183,"date":"2011-08-26T07:55:56","date_gmt":"2011-08-26T05:55:56","guid":{"rendered":"http:\/\/www.kulturtechno.de\/?p=5183"},"modified":"2011-08-26T08:06:33","modified_gmt":"2011-08-26T06:06:33","slug":"ernie-ist-der-welt-abhanden-gekommen","status":"publish","type":"post","link":"http:\/\/www.kulturtechno.de\/?p=5183","title":{"rendered":"Ernie ist der Welt abhanden gekommen"},"content":{"rendered":"<p>R\u00fchrendes kleines St\u00fcck Philosophie in der Sesamstra\u00dfe:<br \/>\nErnie <del datetime=\"2011-08-19T19:57:41+00:00\">und Bert<\/del> geht der Frage nach, ob er \u00fcberhaupt hier ist.<\/p>\n<p><iframe loading=\"lazy\" width=\"500\" height=\"405\" src=\"http:\/\/www.youtube.com\/embed\/2ytH00c38dc\" frameborder=\"0\" allowfullscreen><\/iframe><\/p>\n<p>(via <a href=\"https:\/\/www.facebook.com\/profile.php?id=100000486428871\">Ida<\/a>)<\/p>\n","protected":false},"excerpt":{"rendered":"<p>R\u00fchrendes kleines St\u00fcck Philosophie in der Sesamstra\u00dfe: Ernie und Bert geht der Frage nach, ob er \u00fcberhaupt hier ist. (via Ida)<\/p>\n","protected":false},"author":1,"featured_media":0,"comment_status":"open","ping_status":"open","sticky":false,"template":"","format":"standard","meta":{"_links_to":"","_links_to_target":"","footnotes":""},"categories":[15],"tags":[],"class_list":["post-5183","post","type-post","status-publish","format-standard","hentry","category-kritik-der-reinen-vernunft"],"_links":{"self":[{"href":"http:\/\/www.kulturtechno.de\/index.php?rest_route=\/wp\/v2\/posts\/5183"}],"collection":[{"href":"http:\/\/www.kulturtechno.de\/index.php?rest_route=\/wp\/v2\/posts"}],"about":[{"href":"http:\/\/www.kulturtechno.de\/index.php?rest_route=\/wp\/v2\/types\/post"}],"author":[{"embeddable":true,"href":"http:\/\/www.kulturtechno.de\/index.php?rest_route=\/wp\/v2\/users\/1"}],"replies":[{"embeddable":true,"href":"http:\/\/www.kulturtechno.de\/index.php?rest_route=%2Fwp%2Fv2%2Fcomments&post=5183"}],"version-history":[{"count":5,"href":"http:\/\/www.kulturtechno.de\/index.php?rest_route=\/wp\/v2\/posts\/5183\/revisions"}],"predecessor-version":[{"id":5253,"href":"http:\/\/www.kulturtechno.de\/index.php?rest_route=\/wp\/v2\/posts\/5183\/revisions\/5253"}],"wp:attachment":[{"href":"http:\/\/www.kulturtechno.de\/index.php?rest_route=%2Fwp%2Fv2%2Fmedia&parent=5183"}],"wp:term":[{"taxonomy":"category","embeddable":true,"href":"http:\/\/www.kulturtechno.de\/index.php?rest_route=%2Fwp%2Fv2%2Fcategories&post=5183"},{"taxonomy":"post_tag","embeddable":true,"href":"http:\/\/www.kulturtechno.de\/index.php?rest_route=%2Fwp%2Fv2%2Ftags&post=5183"}],"curies":[{"name":"wp","href":"https:\/\/api.w.org\/{rel}","templated":true}]}}