{"id":5139,"date":"2011-08-23T05:40:33","date_gmt":"2011-08-23T03:40:33","guid":{"rendered":"http:\/\/www.kulturtechno.de\/?p=5139"},"modified":"2011-08-17T13:21:57","modified_gmt":"2011-08-17T11:21:57","slug":"neue-musik-und-lidl-kunst","status":"publish","type":"post","link":"http:\/\/www.kulturtechno.de\/?p=5139","title":{"rendered":"Neue Musik und LIDL (Kunst)"},"content":{"rendered":"<p>Ende der 60er betrieben die K\u00fcnstler J\u00f6rg Immendorff und Chris Reinecke die Aktionsplattform <a href=\"http:\/\/de.wikipedia.org\/wiki\/LIDL_%28Kunst%29\">LIDL<\/a>. (Der Wikipedia-Artikel hei\u00dft &#8222;LIDL (Kunst)&#8220;.) Der Name war reines Nonsenswort &#8211; und wurde vom wirklichen Leben eingeholt, nur ist der Lidl leider keine Aktionskunstplattform, sondern <del datetime=\"2011-08-16T14:40:34+00:00\">eine ausbeuterische Ladenkette<\/del> ein Discounter.<\/p>\n<p>Und so geht auch der &#8222;<a href=\"http:\/\/de.wikipedia.org\/wiki\/Neue_Musik\">Neue Musik<\/a>&#8222;-Begriff, der mal die Kunstmusik des 20.und 21. Jahrhundert meinte, vor die Hunde. Aber m\u00f6ge sich der Freund dieser Musik einfach nichts B\u00f6ses denken und glauben, die folgenden Kontexte seien ganz im Sinne seiner Passion:<\/p>\n<p><a href=\"http:\/\/www.nmz.de\/files\/RadioAward.jpg\" rel=\"lightbox[5139]\"><img loading=\"lazy\" decoding=\"async\" alt=\"\" src=\"http:\/\/www.nmz.de\/files\/RadioAward.jpg\" class=\"alignnone\" width=\"400\" height=\"297\" \/><\/a><\/p>\n<p><a href=\"http:\/\/profile.ak.fbcdn.net\/hprofile-ak-snc4\/50265_28245726690_2941553_n.jpg\" rel=\"lightbox[5139]\"><img loading=\"lazy\" decoding=\"async\" alt=\"\" src=\"http:\/\/profile.ak.fbcdn.net\/hprofile-ak-snc4\/50265_28245726690_2941553_n.jpg\" class=\"alignnone\" width=\"200\" height=\"149\" \/><\/a><\/p>\n<p><a href=\"http:\/\/2.bp.blogspot.com\/_BADFlK2Iivg\/TUVi5ctR0iI\/AAAAAAAAD9M\/7LqVJXym2zU\/s400\/Radio-Fritz-RBB-Bespitzelung-Johnny-de-Brests.jpg\" rel=\"lightbox[5139]\"><img loading=\"lazy\" decoding=\"async\" alt=\"\" src=\"http:\/\/2.bp.blogspot.com\/_BADFlK2Iivg\/TUVi5ctR0iI\/AAAAAAAAD9M\/7LqVJXym2zU\/s400\/Radio-Fritz-RBB-Bespitzelung-Johnny-de-Brests.jpg\" class=\"alignnone\" width=\"400\" height=\"282\" \/><\/a><\/p>\n<p><a href=\"http:\/\/www.kauerpress.de\/radio9\/images\/stories\/billboards\/p2-rbb-fritz-neue-musik.jpg\" rel=\"lightbox[5139]\"><img loading=\"lazy\" decoding=\"async\" alt=\"\" src=\"http:\/\/www.kauerpress.de\/radio9\/images\/stories\/billboards\/p2-rbb-fritz-neue-musik.jpg\" class=\"alignnone\" width=\"480\" height=\"480\" \/><\/a><\/p>\n<p>[Nr. 11:]<\/p>\n<p><a href=\"http:\/\/www.todayandtomorrow.net\/wp-content\/uploads\/2011\/06\/33_ways_to_stay_creative.jpg\" rel=\"lightbox[5139]\"><img loading=\"lazy\" decoding=\"async\" alt=\"\" src=\"http:\/\/www.todayandtomorrow.net\/wp-content\/uploads\/2011\/06\/33_ways_to_stay_creative.jpg\" class=\"alignnone\" width=\"500\" height=\"647\" \/><\/a><\/p>\n<p>(via <a href=\"http:\/\/www.todayandtomorrow.net\/2011\/06\/05\/33-ways-to-stay-creative\/\">today and tomorrow<\/a>)<\/p>\n<p>Die <a href=\"http:\/\/www.nmz.de\/kiz\/nachrichten\/ist-neue-musik-gleich-neue-musik\">Neue Musikzeitung dazu<\/a>.<\/p>\n","protected":false},"excerpt":{"rendered":"<p>Ende der 60er betrieben die K\u00fcnstler J\u00f6rg Immendorff und Chris Reinecke die Aktionsplattform LIDL. (Der Wikipedia-Artikel hei\u00dft &#8222;LIDL (Kunst)&#8220;.) Der Name war reines Nonsenswort &#8211; und wurde vom wirklichen Leben eingeholt, nur ist der Lidl leider keine Aktionskunstplattform, sondern eine ausbeuterische Ladenkette ein Discounter. Und so geht auch der &#8222;Neue Musik&#8222;-Begriff, der mal die Kunstmusik [&hellip;]<\/p>\n","protected":false},"author":1,"featured_media":0,"comment_status":"open","ping_status":"open","sticky":false,"template":"","format":"standard","meta":{"_links_to":"","_links_to_target":"","footnotes":""},"categories":[15],"tags":[],"class_list":["post-5139","post","type-post","status-publish","format-standard","hentry","category-kritik-der-reinen-vernunft"],"_links":{"self":[{"href":"http:\/\/www.kulturtechno.de\/index.php?rest_route=\/wp\/v2\/posts\/5139"}],"collection":[{"href":"http:\/\/www.kulturtechno.de\/index.php?rest_route=\/wp\/v2\/posts"}],"about":[{"href":"http:\/\/www.kulturtechno.de\/index.php?rest_route=\/wp\/v2\/types\/post"}],"author":[{"embeddable":true,"href":"http:\/\/www.kulturtechno.de\/index.php?rest_route=\/wp\/v2\/users\/1"}],"replies":[{"embeddable":true,"href":"http:\/\/www.kulturtechno.de\/index.php?rest_route=%2Fwp%2Fv2%2Fcomments&post=5139"}],"version-history":[{"count":7,"href":"http:\/\/www.kulturtechno.de\/index.php?rest_route=\/wp\/v2\/posts\/5139\/revisions"}],"predecessor-version":[{"id":5173,"href":"http:\/\/www.kulturtechno.de\/index.php?rest_route=\/wp\/v2\/posts\/5139\/revisions\/5173"}],"wp:attachment":[{"href":"http:\/\/www.kulturtechno.de\/index.php?rest_route=%2Fwp%2Fv2%2Fmedia&parent=5139"}],"wp:term":[{"taxonomy":"category","embeddable":true,"href":"http:\/\/www.kulturtechno.de\/index.php?rest_route=%2Fwp%2Fv2%2Fcategories&post=5139"},{"taxonomy":"post_tag","embeddable":true,"href":"http:\/\/www.kulturtechno.de\/index.php?rest_route=%2Fwp%2Fv2%2Ftags&post=5139"}],"curies":[{"name":"wp","href":"https:\/\/api.w.org\/{rel}","templated":true}]}}