{"id":5113,"date":"2011-08-12T05:31:30","date_gmt":"2011-08-12T03:31:30","guid":{"rendered":"http:\/\/www.kulturtechno.de\/?p=5113"},"modified":"2011-08-08T14:35:26","modified_gmt":"2011-08-08T12:35:26","slug":"tonwechsel-beim-langsamsten-musikstuck-der-welt","status":"publish","type":"post","link":"http:\/\/www.kulturtechno.de\/?p=5113","title":{"rendered":"Tonwechsel beim langsamsten Musikst\u00fcck der Welt!"},"content":{"rendered":"<p>Wieder mal ist beim wunderbaren <a href=\"http:\/\/www.john-cage.halberstadt.de\/\">Cage-Projekt in Halberstadt<\/a> (&#8222;as slow as possible&#8220; &#8211; ein 639 Jahre dauerndes Musikst\u00fcck) ein Ton gewechselt worden, die NZZ <a href=\"http:\/\/www.nzz.ch\/nachrichten\/kultur\/aktuell\/tonwechsel_halberstadt_organ2aslsp_john_cage_1.11776157.html\">berichtet<\/a>. Das as&#8216; h\u00f6rt nach drei Jahren auf zu klingen.<br \/>\nHier ein Video vom Tonwechsel am 5.7.2008<\/p>\n<p><iframe loading=\"lazy\" width=\"500\" height=\"405\" src=\"http:\/\/www.youtube.com\/embed\/uzLENNBz27o\" frameborder=\"0\" allowfullscreen><\/iframe><\/p>\n<p><a href=\"http:\/\/www.kulturtechno.de\/?s=halberstadt\">Fr\u00fcher<\/a> auf Kulturtechno \u00fcber das Projekt.<\/p>\n","protected":false},"excerpt":{"rendered":"<p>Wieder mal ist beim wunderbaren Cage-Projekt in Halberstadt (&#8222;as slow as possible&#8220; &#8211; ein 639 Jahre dauerndes Musikst\u00fcck) ein Ton gewechselt worden, die NZZ berichtet. Das as&#8216; h\u00f6rt nach drei Jahren auf zu klingen. Hier ein Video vom Tonwechsel am 5.7.2008 Fr\u00fcher auf Kulturtechno \u00fcber das Projekt.<\/p>\n","protected":false},"author":1,"featured_media":0,"comment_status":"open","ping_status":"open","sticky":false,"template":"","format":"standard","meta":{"_links_to":"","_links_to_target":"","footnotes":""},"categories":[4],"tags":[],"class_list":["post-5113","post","type-post","status-publish","format-standard","hentry","category-museum"],"_links":{"self":[{"href":"http:\/\/www.kulturtechno.de\/index.php?rest_route=\/wp\/v2\/posts\/5113"}],"collection":[{"href":"http:\/\/www.kulturtechno.de\/index.php?rest_route=\/wp\/v2\/posts"}],"about":[{"href":"http:\/\/www.kulturtechno.de\/index.php?rest_route=\/wp\/v2\/types\/post"}],"author":[{"embeddable":true,"href":"http:\/\/www.kulturtechno.de\/index.php?rest_route=\/wp\/v2\/users\/1"}],"replies":[{"embeddable":true,"href":"http:\/\/www.kulturtechno.de\/index.php?rest_route=%2Fwp%2Fv2%2Fcomments&post=5113"}],"version-history":[{"count":2,"href":"http:\/\/www.kulturtechno.de\/index.php?rest_route=\/wp\/v2\/posts\/5113\/revisions"}],"predecessor-version":[{"id":5115,"href":"http:\/\/www.kulturtechno.de\/index.php?rest_route=\/wp\/v2\/posts\/5113\/revisions\/5115"}],"wp:attachment":[{"href":"http:\/\/www.kulturtechno.de\/index.php?rest_route=%2Fwp%2Fv2%2Fmedia&parent=5113"}],"wp:term":[{"taxonomy":"category","embeddable":true,"href":"http:\/\/www.kulturtechno.de\/index.php?rest_route=%2Fwp%2Fv2%2Fcategories&post=5113"},{"taxonomy":"post_tag","embeddable":true,"href":"http:\/\/www.kulturtechno.de\/index.php?rest_route=%2Fwp%2Fv2%2Ftags&post=5113"}],"curies":[{"name":"wp","href":"https:\/\/api.w.org\/{rel}","templated":true}]}}