{"id":4335,"date":"2011-05-02T14:29:49","date_gmt":"2011-05-02T12:29:49","guid":{"rendered":"http:\/\/www.kulturtechno.de\/?p=4335"},"modified":"2011-05-02T21:33:57","modified_gmt":"2011-05-02T19:33:57","slug":"living-in-a-box-hr2-kultur","status":"publish","type":"post","link":"http:\/\/www.kulturtechno.de\/?p=4335","title":{"rendered":"Living in a Box @ HR2 Kultur"},"content":{"rendered":"<p>Morgen abend sendet HR2 Kultur den Mitschnitt des Urauff\u00fchrungskonzerts meines Ensemble-St\u00fccks &#8222;Living in a Box&#8220; (Kulturtechno <a href=\"http:\/\/www.kulturtechno.de\/?p=3891\">fr\u00fcher<\/a>).<\/p>\n<p>Livestrom:<br \/>\n<a href=\"http:\/\/metafiles.gl-systemhaus.de\/hr\/hr2_2.m3u\">http:\/\/metafiles.gl-systemhaus.de\/hr\/hr2_2.m3u<\/a><\/p>\n<blockquote><p>3.5.2011, 20:05 Uhr<br \/>\nGemeinsam im Niemandsland &#8211; Das Ensemble Modern bei den Frankfurter Positionen 2011<br \/>\nLeitung: Kasper de Roo [de Roo erkrankte, es sprang Harmut Keil ein]<\/p>\n<p>John Oswald: b9; 2011 \u2022 Michael Iber: soundalike: music collection II; 2010 \u2022 Johannes Kreidler: Living in a Box; 2010<\/p>\n<p>(Aufnahme vom 29. Januar 2011 aus dem Frankfurt LAB)<br \/>\nVor zehn Jahren wurde sie erstmals veranstaltet, die \u201eFrankfurter Positionen\u201c. Sie verstehen sich als Erfahrungs- und Erkenntnisfeld: In einem etwa zweij\u00e4hrigen Turnus versuchen sie, mit den Mitteln verschiedener Sparten der K\u00fcnste eine Positionsbestimmung zu den Ver\u00e4nderungen in der Lebenswelt zu formulieren. Die \u201eFrankfurter Positionen\u201c initiieren somit einen kontinuierlichen kreativen Prozess mit dem Ziel, neue Sichtweisen und soziale Fantasie zu entwickeln. In diesem Jahr behandelten die \u201eFrankfurter Positionen\u201c die alte Frage des Spannungsfelds zwischen Individuum und Gemeinschaft. In den letzten Jahrzehnten scheinen die vorherrschenden Tendenzen zu mehr individueller Freiheit und pers\u00f6nlichem Erfolgsstreben an ihre Grenzen zu sto\u00dfen. hr2-kultur sendet heute die Aufnahme des Konzerts vom 29. Januar im Frankfurt LAB. Die Komponisten Johannes Kreidler, John Oswald und Michael Iber modifizieren bestehendes musikalisches Material nach unterschiedlichen Prinzipien. Kreidler bearbeitet in \u201eLiving in a Box\u201c Reproduktionen von Musik mit digitalen Techniken, Oswald kontextualisiert in \u201eb9\u201c bekannte Themen der Sinfonien Beethovens im Sinne heutiger Rezeptionsbedingungen neu, Ibers Werk kn\u00fcpft an seine im Rahmen der \u201eFrankfurter Positionen\u201c gezeigte Installation an.<\/p><\/blockquote>\n<p><a href=\"http:\/\/www.hr-online.de\/website\/radio\/hr2\/programm3758.jsp?rubrik=3758&#038;r=4&#038;y=2011&#038;t=20110503\"><br \/>\nhttp:\/\/www.hr-online.de\/website\/radio\/hr2\/programm3758.jsp?rubrik=3758&#038;r=4&#038;y=2011&#038;t=20110503<\/a><\/p>\n","protected":false},"excerpt":{"rendered":"<p>Morgen abend sendet HR2 Kultur den Mitschnitt des Urauff\u00fchrungskonzerts meines Ensemble-St\u00fccks &#8222;Living in a Box&#8220; (Kulturtechno fr\u00fcher). Livestrom: http:\/\/metafiles.gl-systemhaus.de\/hr\/hr2_2.m3u 3.5.2011, 20:05 Uhr Gemeinsam im Niemandsland &#8211; Das Ensemble Modern bei den Frankfurter Positionen 2011 Leitung: Kasper de Roo [de Roo erkrankte, es sprang Harmut Keil ein] John Oswald: b9; 2011 \u2022 Michael Iber: soundalike: music [&hellip;]<\/p>\n","protected":false},"author":1,"featured_media":0,"comment_status":"open","ping_status":"open","sticky":false,"template":"","format":"standard","meta":{"_links_to":"","_links_to_target":"","footnotes":""},"categories":[3],"tags":[],"class_list":["post-4335","post","type-post","status-publish","format-standard","hentry","category-id"],"_links":{"self":[{"href":"http:\/\/www.kulturtechno.de\/index.php?rest_route=\/wp\/v2\/posts\/4335"}],"collection":[{"href":"http:\/\/www.kulturtechno.de\/index.php?rest_route=\/wp\/v2\/posts"}],"about":[{"href":"http:\/\/www.kulturtechno.de\/index.php?rest_route=\/wp\/v2\/types\/post"}],"author":[{"embeddable":true,"href":"http:\/\/www.kulturtechno.de\/index.php?rest_route=\/wp\/v2\/users\/1"}],"replies":[{"embeddable":true,"href":"http:\/\/www.kulturtechno.de\/index.php?rest_route=%2Fwp%2Fv2%2Fcomments&post=4335"}],"version-history":[{"count":3,"href":"http:\/\/www.kulturtechno.de\/index.php?rest_route=\/wp\/v2\/posts\/4335\/revisions"}],"predecessor-version":[{"id":4347,"href":"http:\/\/www.kulturtechno.de\/index.php?rest_route=\/wp\/v2\/posts\/4335\/revisions\/4347"}],"wp:attachment":[{"href":"http:\/\/www.kulturtechno.de\/index.php?rest_route=%2Fwp%2Fv2%2Fmedia&parent=4335"}],"wp:term":[{"taxonomy":"category","embeddable":true,"href":"http:\/\/www.kulturtechno.de\/index.php?rest_route=%2Fwp%2Fv2%2Fcategories&post=4335"},{"taxonomy":"post_tag","embeddable":true,"href":"http:\/\/www.kulturtechno.de\/index.php?rest_route=%2Fwp%2Fv2%2Ftags&post=4335"}],"curies":[{"name":"wp","href":"https:\/\/api.w.org\/{rel}","templated":true}]}}