{"id":4323,"date":"2011-05-05T05:29:47","date_gmt":"2011-05-05T03:29:47","guid":{"rendered":"http:\/\/www.kulturtechno.de\/?p=4323"},"modified":"2011-05-01T10:31:51","modified_gmt":"2011-05-01T08:31:51","slug":"arbeit-und-freizeit-3-die-gluckliche-hand","status":"publish","type":"post","link":"http:\/\/www.kulturtechno.de\/?p=4323","title":{"rendered":"Arbeit und Freizeit (3) &#8211; Die Gl\u00fcckliche Hand"},"content":{"rendered":"<p>Eine sch\u00f6ne Neu-Interpretation von Arnold Sch\u00f6nbergs expressionistischer Oper &#8222;Die gl\u00fcckliche Hand&#8220; von <a href=\"http:\/\/www.danielkoetter.de\/\">Daniel K\u00f6tter<\/a>.<\/p>\n<p><iframe loading=\"lazy\" width=\"500\" height=\"314\" src=\"http:\/\/www.youtube.com\/embed\/qbT4Xzgsppk\" frameborder=\"0\" allowfullscreen><\/iframe><\/p>\n<blockquote><p>Daniel K\u00f6tter<br \/>\nArbeit und Freizeit (3) &#8211; Die Gl\u00fcckliche Hand<\/p>\n<p>Urauff\u00fchrung, 12-Kanal-Video, 45&#8242;<\/p>\n<p>mit Nadine Bors (Festivalleiterin und Kuratorin), Peter Conradi (Architekt und Kulturpolitiker), Xavier G\u00fcell (Musik- und Opernveranstalter), Jean-Baptiste Joly (Leiter K\u00fcnstlerhaus),<br \/>\nPeter Laudenbach (Theaterkritiker), Harry Lehmann (Philosoph und Kunsttheoretiker), Heike Catherina Mertens (Leiterin Kunststiftung), Helga de la Motte (Musikwissenschaftlerin),<br \/>\nAnna Ptak (Kuratorin), Jan Ritsema (Leiter K\u00fcnstlerhaus und Regisseur), Berthold Schneider (Operndirektor und Regisseur), Tom Stromberg (Festivalleiter und Impressario).<\/p>\n<p>Arnold Sch\u00f6nberg<br \/>\nDie gl\u00fcckliche Hand<\/p>\n<p>Drama mit Musik op. 18 f\u00fcr Bariton, Chor und Orchester RSO Stuttgart unter der Leitung von Peter Rundel<br \/>\nSWR Vokalensemble, Bariton: Dietrich Henschel<\/p>\n<p>Eclat Festival 2011, Theaterhaus Stuttgart\n<\/p><\/blockquote>\n","protected":false},"excerpt":{"rendered":"<p>Eine sch\u00f6ne Neu-Interpretation von Arnold Sch\u00f6nbergs expressionistischer Oper &#8222;Die gl\u00fcckliche Hand&#8220; von Daniel K\u00f6tter. Daniel K\u00f6tter Arbeit und Freizeit (3) &#8211; Die Gl\u00fcckliche Hand Urauff\u00fchrung, 12-Kanal-Video, 45&#8242; mit Nadine Bors (Festivalleiterin und Kuratorin), Peter Conradi (Architekt und Kulturpolitiker), Xavier G\u00fcell (Musik- und Opernveranstalter), Jean-Baptiste Joly (Leiter K\u00fcnstlerhaus), Peter Laudenbach (Theaterkritiker), Harry Lehmann (Philosoph und Kunsttheoretiker), [&hellip;]<\/p>\n","protected":false},"author":1,"featured_media":0,"comment_status":"open","ping_status":"open","sticky":false,"template":"","format":"standard","meta":{"_links_to":"","_links_to_target":"","footnotes":""},"categories":[3],"tags":[],"class_list":["post-4323","post","type-post","status-publish","format-standard","hentry","category-id"],"_links":{"self":[{"href":"http:\/\/www.kulturtechno.de\/index.php?rest_route=\/wp\/v2\/posts\/4323"}],"collection":[{"href":"http:\/\/www.kulturtechno.de\/index.php?rest_route=\/wp\/v2\/posts"}],"about":[{"href":"http:\/\/www.kulturtechno.de\/index.php?rest_route=\/wp\/v2\/types\/post"}],"author":[{"embeddable":true,"href":"http:\/\/www.kulturtechno.de\/index.php?rest_route=\/wp\/v2\/users\/1"}],"replies":[{"embeddable":true,"href":"http:\/\/www.kulturtechno.de\/index.php?rest_route=%2Fwp%2Fv2%2Fcomments&post=4323"}],"version-history":[{"count":1,"href":"http:\/\/www.kulturtechno.de\/index.php?rest_route=\/wp\/v2\/posts\/4323\/revisions"}],"predecessor-version":[{"id":4324,"href":"http:\/\/www.kulturtechno.de\/index.php?rest_route=\/wp\/v2\/posts\/4323\/revisions\/4324"}],"wp:attachment":[{"href":"http:\/\/www.kulturtechno.de\/index.php?rest_route=%2Fwp%2Fv2%2Fmedia&parent=4323"}],"wp:term":[{"taxonomy":"category","embeddable":true,"href":"http:\/\/www.kulturtechno.de\/index.php?rest_route=%2Fwp%2Fv2%2Fcategories&post=4323"},{"taxonomy":"post_tag","embeddable":true,"href":"http:\/\/www.kulturtechno.de\/index.php?rest_route=%2Fwp%2Fv2%2Ftags&post=4323"}],"curies":[{"name":"wp","href":"https:\/\/api.w.org\/{rel}","templated":true}]}}