{"id":3833,"date":"2011-01-06T06:36:56","date_gmt":"2011-01-06T04:36:56","guid":{"rendered":"http:\/\/www.kulturtechno.de\/?p=3833"},"modified":"2011-01-06T13:26:16","modified_gmt":"2011-01-06T11:26:16","slug":"computer-und-musik-radiodebatte-online","status":"publish","type":"post","link":"http:\/\/www.kulturtechno.de\/?p=3833","title":{"rendered":"&#8222;Computer und Musik&#8220; Radiodebatte online"},"content":{"rendered":"<p>Das Streitgespr\u00e4ch zwischen Claus-Steffen Mahnkopf und mir, moderiert von Bj\u00f6rn Gottstein, ausgestrahlt auf SWR2 (Redaktion: Bernd K\u00fcnzig, Armin K\u00f6hler) am 3.1.2011, hat erfreulicherweise jemand online gestellt:<\/p>\n<p><object width=\"500\" height=\"26\" classid=\"clsid:D27CDB6E-AE6D-11cf-96B8-444553540000\"><param value=\"true\" name=\"allowfullscreen\"\/><param value=\"always\" name=\"allowscriptaccess\"\/><param value=\"high\" name=\"quality\"\/><param value=\"true\" name=\"cachebusting\"\/><param value=\"#000000\" name=\"bgcolor\"\/><param name=\"movie\" value=\"http:\/\/www.archive.org\/flow\/flowplayer.commercial-3.2.1.swf\" \/><param value=\"config={'key':'#$aa4baff94a9bdcafce8','playlist':[{'url':'Digitalisierung-Radiodebatte.mp3','autoPlay':false}],'clip':{'autoPlay':true,'baseUrl':'http:\/\/www.archive.org\/download\/ComputerUndMusik-Radiodiskussion\/'},'canvas':{'backgroundColor':'#000000','backgroundGradient':'none'},'plugins':{'audio':{'url':'http:\/\/www.archive.org\/flow\/flowplayer.audio-3.2.1-dev.swf'},'controls':{'playlist':false,'fullscreen':false,'height':26,'backgroundColor':'#000000','autoHide':{'fullscreenOnly':true},'scrubberHeightRatio':0.6,'timeFontSize':9,'mute':false,'top':0}},'contextMenu':[{},'-','Flowplayer v3.2.1']}\" name=\"flashvars\"\/><embed src=\"http:\/\/www.archive.org\/flow\/flowplayer.commercial-3.2.1.swf\" type=\"application\/x-shockwave-flash\" width=\"500\" height=\"26\" allowfullscreen=\"true\" allowscriptaccess=\"always\" cachebusting=\"true\" bgcolor=\"#000000\" quality=\"high\" flashvars=\"config={'key':'#$aa4baff94a9bdcafce8','playlist':[{'url':'Digitalisierung-Radiodebatte.mp3','autoPlay':false}],'clip':{'autoPlay':true,'baseUrl':'http:\/\/www.archive.org\/download\/ComputerUndMusik-Radiodiskussion\/'},'canvas':{'backgroundColor':'#000000','backgroundGradient':'none'},'plugins':{'audio':{'url':'http:\/\/www.archive.org\/flow\/flowplayer.audio-3.2.1-dev.swf'},'controls':{'playlist':false,'fullscreen':false,'height':26,'backgroundColor':'#000000','autoHide':{'fullscreenOnly':true},'scrubberHeightRatio':0.6,'timeFontSize':9,'mute':false,'top':0}},'contextMenu':[{},'-','Flowplayer v3.2.1']}\"><\/embed><\/object><\/p>\n","protected":false},"excerpt":{"rendered":"<p>Das Streitgespr\u00e4ch zwischen Claus-Steffen Mahnkopf und mir, moderiert von Bj\u00f6rn Gottstein, ausgestrahlt auf SWR2 (Redaktion: Bernd K\u00fcnzig, Armin K\u00f6hler) am 3.1.2011, hat erfreulicherweise jemand online gestellt:<\/p>\n","protected":false},"author":1,"featured_media":0,"comment_status":"open","ping_status":"open","sticky":false,"template":"","format":"standard","meta":{"_links_to":"","_links_to_target":"","footnotes":""},"categories":[18,3,5],"tags":[],"class_list":["post-3833","post","type-post","status-publish","format-standard","hentry","category-futurismus","category-id","category-technologik"],"_links":{"self":[{"href":"http:\/\/www.kulturtechno.de\/index.php?rest_route=\/wp\/v2\/posts\/3833"}],"collection":[{"href":"http:\/\/www.kulturtechno.de\/index.php?rest_route=\/wp\/v2\/posts"}],"about":[{"href":"http:\/\/www.kulturtechno.de\/index.php?rest_route=\/wp\/v2\/types\/post"}],"author":[{"embeddable":true,"href":"http:\/\/www.kulturtechno.de\/index.php?rest_route=\/wp\/v2\/users\/1"}],"replies":[{"embeddable":true,"href":"http:\/\/www.kulturtechno.de\/index.php?rest_route=%2Fwp%2Fv2%2Fcomments&post=3833"}],"version-history":[{"count":7,"href":"http:\/\/www.kulturtechno.de\/index.php?rest_route=\/wp\/v2\/posts\/3833\/revisions"}],"predecessor-version":[{"id":3842,"href":"http:\/\/www.kulturtechno.de\/index.php?rest_route=\/wp\/v2\/posts\/3833\/revisions\/3842"}],"wp:attachment":[{"href":"http:\/\/www.kulturtechno.de\/index.php?rest_route=%2Fwp%2Fv2%2Fmedia&parent=3833"}],"wp:term":[{"taxonomy":"category","embeddable":true,"href":"http:\/\/www.kulturtechno.de\/index.php?rest_route=%2Fwp%2Fv2%2Fcategories&post=3833"},{"taxonomy":"post_tag","embeddable":true,"href":"http:\/\/www.kulturtechno.de\/index.php?rest_route=%2Fwp%2Fv2%2Ftags&post=3833"}],"curies":[{"name":"wp","href":"https:\/\/api.w.org\/{rel}","templated":true}]}}