{"id":3827,"date":"2011-01-01T06:30:06","date_gmt":"2011-01-01T04:30:06","guid":{"rendered":"http:\/\/www.kulturtechno.de\/?p=3827"},"modified":"2010-12-22T20:37:46","modified_gmt":"2010-12-22T18:37:46","slug":"das-lesikon-der-visuellen-kommunikation","status":"publish","type":"post","link":"http:\/\/www.kulturtechno.de\/?p=3827","title":{"rendered":"Das Lesikon der visuellen Kommunikation"},"content":{"rendered":"<p><a href=\"http:\/\/ecx.images-amazon.com\/images\/I\/31SXY7O1TgL._SL500_AA300_.jpg\" rel=\"lightbox[3827]\"><img loading=\"lazy\" decoding=\"async\" alt=\"\" src=\"http:\/\/ecx.images-amazon.com\/images\/I\/31SXY7O1TgL._SL500_AA300_.jpg\" class=\"alignnone\" width=\"300\" height=\"300\" \/><\/a><\/p>\n<p>Werbung! Und es ist das Buch einer Freundin von mir!<br \/>\nTrotzdem kann ich ganz objektiv das Lesikon der visuellen Kommunikation w\u00e4rmstens empfehlen. <a href=\"http:\/\/www.juligudehus.net\/\">Juli Gudehus<\/a> hat in 9j\u00e4hriger Arbeit auf rund 3000 Seiten einen Glossar zum genannten Thema zusammengestellt, unter Zuhilfenahme einer gro\u00dfen Autorenschar, teilweise aus ihrem pers\u00f6nlichen Umfeld, anderenteils aus der gro\u00dfen weiten Welt. Folglich hei\u00dft das Buch &#8222;eine Collage&#8220; und ist wunderbar. Hier Besprechungen in der <a href=\"http:\/\/www.zeit.de\/2010\/47\/L-SM-Lesikon\">ZEIT<\/a> und der <a href=\"http:\/\/www.typografie.de\/image\/product_images\/original_images\/1361_0.pdf\">FAZ<\/a>. <a href=\"http:\/\/www.amazon.de\/gp\/product\/3874397998\/ref=cm_rdp_product\/277-5789536-3242259\">Hier<\/a> kaufen. Besonderes Schmankerl: In jedem Exemplar befinden sich individuelle Lesezeichen.<\/p>\n","protected":false},"excerpt":{"rendered":"<p>Werbung! Und es ist das Buch einer Freundin von mir! Trotzdem kann ich ganz objektiv das Lesikon der visuellen Kommunikation w\u00e4rmstens empfehlen. Juli Gudehus hat in 9j\u00e4hriger Arbeit auf rund 3000 Seiten einen Glossar zum genannten Thema zusammengestellt, unter Zuhilfenahme einer gro\u00dfen Autorenschar, teilweise aus ihrem pers\u00f6nlichen Umfeld, anderenteils aus der gro\u00dfen weiten Welt. Folglich [&hellip;]<\/p>\n","protected":false},"author":1,"featured_media":0,"comment_status":"open","ping_status":"open","sticky":false,"template":"","format":"standard","meta":{"_links_to":"","_links_to_target":"","footnotes":""},"categories":[3],"tags":[],"class_list":["post-3827","post","type-post","status-publish","format-standard","hentry","category-id"],"_links":{"self":[{"href":"http:\/\/www.kulturtechno.de\/index.php?rest_route=\/wp\/v2\/posts\/3827"}],"collection":[{"href":"http:\/\/www.kulturtechno.de\/index.php?rest_route=\/wp\/v2\/posts"}],"about":[{"href":"http:\/\/www.kulturtechno.de\/index.php?rest_route=\/wp\/v2\/types\/post"}],"author":[{"embeddable":true,"href":"http:\/\/www.kulturtechno.de\/index.php?rest_route=\/wp\/v2\/users\/1"}],"replies":[{"embeddable":true,"href":"http:\/\/www.kulturtechno.de\/index.php?rest_route=%2Fwp%2Fv2%2Fcomments&post=3827"}],"version-history":[{"count":2,"href":"http:\/\/www.kulturtechno.de\/index.php?rest_route=\/wp\/v2\/posts\/3827\/revisions"}],"predecessor-version":[{"id":3831,"href":"http:\/\/www.kulturtechno.de\/index.php?rest_route=\/wp\/v2\/posts\/3827\/revisions\/3831"}],"wp:attachment":[{"href":"http:\/\/www.kulturtechno.de\/index.php?rest_route=%2Fwp%2Fv2%2Fmedia&parent=3827"}],"wp:term":[{"taxonomy":"category","embeddable":true,"href":"http:\/\/www.kulturtechno.de\/index.php?rest_route=%2Fwp%2Fv2%2Fcategories&post=3827"},{"taxonomy":"post_tag","embeddable":true,"href":"http:\/\/www.kulturtechno.de\/index.php?rest_route=%2Fwp%2Fv2%2Ftags&post=3827"}],"curies":[{"name":"wp","href":"https:\/\/api.w.org\/{rel}","templated":true}]}}