{"id":3825,"date":"2011-01-03T00:23:05","date_gmt":"2011-01-02T22:23:05","guid":{"rendered":"http:\/\/www.kulturtechno.de\/?p=3825"},"modified":"2010-12-22T20:30:05","modified_gmt":"2010-12-22T18:30:05","slug":"digitalisierung-und-musik-ein-streitgesprach-heute-auf-swr2","status":"publish","type":"post","link":"http:\/\/www.kulturtechno.de\/?p=3825","title":{"rendered":"Digitalisierung und Musik: Ein Streitgespr\u00e4ch &#8211; heute auf SWR2"},"content":{"rendered":"<p>Die Debatte \u00fcber Digitalisierung und Musik, angefangen im Fr\u00fchjahr (Kulturtechno <a href=\"http:\/\/www.kulturtechno.de\/?p=3317\">berichtete<\/a>), f\u00fchrte im Sommer zur Buchpublikation Musik, \u00c4sthetik, Digitalisierung &#8211; Eine Kontroverse (Kulturtechno <a href=\"http:\/\/www.kulturtechno.de\/?p=3464\">berichtete<\/a>). Im Herbst ging die Debatte mit verschiedenen Beitr\u00e4gen in den Positionen und den MusikTexten weiter (Kulturtechno <a href=\"http:\/\/www.kulturtechno.de\/?p=3611\">berichtete<\/a>). Jetzt ist Winter und SWR2 widmet dem Thema eine Sendereihe, dessen Auftakt ein Streitgespr\u00e4ch zwischen Claus-Steffen Mahnkopf und mir bildet.<\/p>\n<blockquote><p>SWR2 JetztMusikDigitalisierung und Musik (I)<\/p>\n<p>Ein (Streit-)Gespr\u00e4ch zwischen Claus Steffen Mahnkopf und Johannes Kreidler<\/p>\n<p>Sendung am Montag, 03.01.2011, 23.03 bis 0.00 Uhr<\/p>\n<p>Moderation: Bj\u00f6rn Gottstein<\/p>\n<p>Unter dem Titel &#8222;Die Digitalisierung der Neuen Musik. Ein Gedankenexperiment&#8220; ver\u00f6ffentlichte der Philosoph und Physiker Harry Lehmann einen provokanten Text, der sich mit den Ver\u00e4nderungen und Auswirklungen der digitalen Medien auf das Komponieren von Neuer Musik befasst. Obwohl selbst ein Vertreter des avancierten Komponierens &#8211; also einem k\u00fcnstlerischen Schaffen, das an den Fortschritt in der Neuen Musik glaubt und denkt &#8211; riefen die Thesen Lehmanns prompt den Widerspruch des Komponisten Claus Steffen Mahnkopf hervor. Er antwortete dabei auf die Zustimmung, die Harry Lehmann durch den Komponisten Johannes Kreidler erfuhr. Daraufhin entspann sich ein heftiger Generationenkonflikt, der sich in mehreren Folgen in der Zeitschrift &#8222;MusikTexte&#8220; niederschlug. Bislang ohne Ergebnis, aber mit weitreichenden Folgen. Die Darmst\u00e4dter Ferienkurse griffen die Diskussion im vergangenen Sommer ebenfalls auf.<\/p>\n<p>Und ohne jeden Zweifel: Nat\u00fcrlich haben die Entwicklungen der digitalen Welt einen tiefgreifenden Einfluss auch auf das Komponieren und das musikalische Denken der Neuen Musik. Braucht es in der digitalen Welt der globalen Vernetzung \u00fcberhaupt noch Verlage? Was geschieht mit dem f\u00fcr die neue Musik einst so wichtigen Materialbegriff, wenn alles im Internet verf\u00fcgbar ist, wenn das Sampling wichtiger wird als das Erfinden? Wie steht es um die Instrumente, wenn diese l\u00e4ngst durch die Elektronik erweitert, ver\u00e4ndert und umgebogen werden k\u00f6nnen? Fragen, denen sich die mehrteilige Reihe &#8222;Digitalisierung und Musik&#8220; in SWR2 JetztMusik stellt.<\/p>\n<p>Den Auftakt macht noch einmal die Diskussion zwischen den beiden Komponisten Claus-Steffen Mahnkopf und Johannes Kreidler, moderiert von Bj\u00f6rn Gottstein.<\/p><\/blockquote>\n<p><a href=\"http:\/\/www.swr.de\/swr2\/programm\/sendungen\/jetztmusik\/-\/id=659442\/nid=659442\/did=7117200\/13s9wjp\/index.html\"><br \/>\nhttp:\/\/www.swr.de\/swr2\/programm\/sendungen\/jetztmusik\/-\/id=659442\/nid=659442\/did=7117200\/13s9wjp\/index.html<\/a><\/p>\n<p>Livestrom:<br \/>\n<a href=\"http:\/\/mp3-live.swr.de\/swr2_m.m3u\">http:\/\/mp3-live.swr.de\/swr2_m.m3u<\/a><\/p>\n","protected":false},"excerpt":{"rendered":"<p>Die Debatte \u00fcber Digitalisierung und Musik, angefangen im Fr\u00fchjahr (Kulturtechno berichtete), f\u00fchrte im Sommer zur Buchpublikation Musik, \u00c4sthetik, Digitalisierung &#8211; Eine Kontroverse (Kulturtechno berichtete). Im Herbst ging die Debatte mit verschiedenen Beitr\u00e4gen in den Positionen und den MusikTexten weiter (Kulturtechno berichtete). Jetzt ist Winter und SWR2 widmet dem Thema eine Sendereihe, dessen Auftakt ein Streitgespr\u00e4ch [&hellip;]<\/p>\n","protected":false},"author":1,"featured_media":0,"comment_status":"open","ping_status":"open","sticky":false,"template":"","format":"standard","meta":{"_links_to":"","_links_to_target":"","footnotes":""},"categories":[3],"tags":[],"class_list":["post-3825","post","type-post","status-publish","format-standard","hentry","category-id"],"_links":{"self":[{"href":"http:\/\/www.kulturtechno.de\/index.php?rest_route=\/wp\/v2\/posts\/3825"}],"collection":[{"href":"http:\/\/www.kulturtechno.de\/index.php?rest_route=\/wp\/v2\/posts"}],"about":[{"href":"http:\/\/www.kulturtechno.de\/index.php?rest_route=\/wp\/v2\/types\/post"}],"author":[{"embeddable":true,"href":"http:\/\/www.kulturtechno.de\/index.php?rest_route=\/wp\/v2\/users\/1"}],"replies":[{"embeddable":true,"href":"http:\/\/www.kulturtechno.de\/index.php?rest_route=%2Fwp%2Fv2%2Fcomments&post=3825"}],"version-history":[{"count":1,"href":"http:\/\/www.kulturtechno.de\/index.php?rest_route=\/wp\/v2\/posts\/3825\/revisions"}],"predecessor-version":[{"id":3826,"href":"http:\/\/www.kulturtechno.de\/index.php?rest_route=\/wp\/v2\/posts\/3825\/revisions\/3826"}],"wp:attachment":[{"href":"http:\/\/www.kulturtechno.de\/index.php?rest_route=%2Fwp%2Fv2%2Fmedia&parent=3825"}],"wp:term":[{"taxonomy":"category","embeddable":true,"href":"http:\/\/www.kulturtechno.de\/index.php?rest_route=%2Fwp%2Fv2%2Fcategories&post=3825"},{"taxonomy":"post_tag","embeddable":true,"href":"http:\/\/www.kulturtechno.de\/index.php?rest_route=%2Fwp%2Fv2%2Ftags&post=3825"}],"curies":[{"name":"wp","href":"https:\/\/api.w.org\/{rel}","templated":true}]}}