{"id":3815,"date":"2011-01-02T06:00:55","date_gmt":"2011-01-02T04:00:55","guid":{"rendered":"http:\/\/www.kulturtechno.de\/?p=3815"},"modified":"2010-12-22T20:22:26","modified_gmt":"2010-12-22T18:22:26","slug":"templiner-manifest-zur-lage-der-lehrbeauftragten-an-hochschulen","status":"publish","type":"post","link":"http:\/\/www.kulturtechno.de\/?p=3815","title":{"rendered":"Templiner Manifest zur Lage der Lehrbeauftragten an Hochschulen"},"content":{"rendered":"<p><a href=\"http:\/\/www.gew.de\/Binaries\/Binary64758\/TM_Logo+S.jpg\" rel=\"lightbox[3815]\"><img loading=\"lazy\" decoding=\"async\" alt=\"\" src=\"http:\/\/www.gew.de\/Binaries\/Binary64758\/TM_Logo+S.jpg\" class=\"alignnone\" width=\"440\" height=\"204\" \/><\/a><\/p>\n<p>Ein leider sehr altes Thema: die skandal\u00f6s unterbezahlten freien Mitarbeiter an deutschen Hochschulen z.B. auch an Musikhochschulen. Alles weitere wird in dem &#8222;Templiner Manifest&#8220; genau erkl\u00e4rt und vor allem nachdr\u00fccklich dazu aufgefordert, diesen Mi\u00dfstand endlich anzugehen:<\/p>\n<p><a href=\"http:\/\/www.gew.de\/Templiner_Manifest.html\">http:\/\/www.gew.de\/Templiner_Manifest.html<\/a><\/p>\n","protected":false},"excerpt":{"rendered":"<p>Ein leider sehr altes Thema: die skandal\u00f6s unterbezahlten freien Mitarbeiter an deutschen Hochschulen z.B. auch an Musikhochschulen. Alles weitere wird in dem &#8222;Templiner Manifest&#8220; genau erkl\u00e4rt und vor allem nachdr\u00fccklich dazu aufgefordert, diesen Mi\u00dfstand endlich anzugehen: http:\/\/www.gew.de\/Templiner_Manifest.html<\/p>\n","protected":false},"author":1,"featured_media":0,"comment_status":"open","ping_status":"open","sticky":false,"template":"","format":"standard","meta":{"_links_to":"","_links_to_target":"","footnotes":""},"categories":[15],"tags":[],"class_list":["post-3815","post","type-post","status-publish","format-standard","hentry","category-kritik-der-reinen-vernunft"],"_links":{"self":[{"href":"http:\/\/www.kulturtechno.de\/index.php?rest_route=\/wp\/v2\/posts\/3815"}],"collection":[{"href":"http:\/\/www.kulturtechno.de\/index.php?rest_route=\/wp\/v2\/posts"}],"about":[{"href":"http:\/\/www.kulturtechno.de\/index.php?rest_route=\/wp\/v2\/types\/post"}],"author":[{"embeddable":true,"href":"http:\/\/www.kulturtechno.de\/index.php?rest_route=\/wp\/v2\/users\/1"}],"replies":[{"embeddable":true,"href":"http:\/\/www.kulturtechno.de\/index.php?rest_route=%2Fwp%2Fv2%2Fcomments&post=3815"}],"version-history":[{"count":2,"href":"http:\/\/www.kulturtechno.de\/index.php?rest_route=\/wp\/v2\/posts\/3815\/revisions"}],"predecessor-version":[{"id":3823,"href":"http:\/\/www.kulturtechno.de\/index.php?rest_route=\/wp\/v2\/posts\/3815\/revisions\/3823"}],"wp:attachment":[{"href":"http:\/\/www.kulturtechno.de\/index.php?rest_route=%2Fwp%2Fv2%2Fmedia&parent=3815"}],"wp:term":[{"taxonomy":"category","embeddable":true,"href":"http:\/\/www.kulturtechno.de\/index.php?rest_route=%2Fwp%2Fv2%2Fcategories&post=3815"},{"taxonomy":"post_tag","embeddable":true,"href":"http:\/\/www.kulturtechno.de\/index.php?rest_route=%2Fwp%2Fv2%2Ftags&post=3815"}],"curies":[{"name":"wp","href":"https:\/\/api.w.org\/{rel}","templated":true}]}}