{"id":3734,"date":"2010-12-07T06:44:27","date_gmt":"2010-12-07T04:44:27","guid":{"rendered":"http:\/\/www.kulturtechno.de\/?p=3734"},"modified":"2010-12-06T17:49:57","modified_gmt":"2010-12-06T15:49:57","slug":"kreidler-em-horen-tu-berlin","status":"publish","type":"post","link":"http:\/\/www.kulturtechno.de\/?p=3734","title":{"rendered":"Kreidler @ EM H\u00f6ren, TU Berlin"},"content":{"rendered":"<p>Am Donnerstag, 9.12. um 18h bin ich eingeladen in der Reihe <a href=\"http:\/\/www.ak.tu-berlin.de\/menue\/lehre\/wintersemester_201011\/elektroakustische_musik_hoeren\/\">Elektroakustische Musik h\u00f6ren<\/a> am Elektronischen Studio der Technischen Universit\u00e4t Berlin eine Pr\u00e4sentation mit anschlie\u00dfender Diskussion zu halten. <a href=\"http:\/\/home.snafu.de\/hoeldke\/index.html\">Michael Hoeldke<\/a> hat dazu einen Trailer gemacht (danke!):<\/p>\n<p><object height=\"81\" width=\"100%\"><param name=\"movie\" value=\"http:\/\/player.soundcloud.com\/player.swf?url=http%3A%2F%2Fapi.soundcloud.com%2Ftracks%2F7637321&#038;secret_url=false\"><\/param><param name=\"allowscriptaccess\" value=\"always\"><\/param><embed allowscriptaccess=\"always\" height=\"81\" src=\"http:\/\/player.soundcloud.com\/player.swf?url=http%3A%2F%2Fapi.soundcloud.com%2Ftracks%2F7637321&#038;secret_url=false\" type=\"application\/x-shockwave-flash\" width=\"100%\"><\/embed><\/object> <\/p>\n<p>[ad#ad2]<\/p>\n","protected":false},"excerpt":{"rendered":"<p>Am Donnerstag, 9.12. um 18h bin ich eingeladen in der Reihe Elektroakustische Musik h\u00f6ren am Elektronischen Studio der Technischen Universit\u00e4t Berlin eine Pr\u00e4sentation mit anschlie\u00dfender Diskussion zu halten. Michael Hoeldke hat dazu einen Trailer gemacht (danke!): [ad#ad2]<\/p>\n","protected":false},"author":1,"featured_media":0,"comment_status":"open","ping_status":"open","sticky":false,"template":"","format":"standard","meta":{"_links_to":"","_links_to_target":"","footnotes":""},"categories":[3],"tags":[],"class_list":["post-3734","post","type-post","status-publish","format-standard","hentry","category-id"],"_links":{"self":[{"href":"http:\/\/www.kulturtechno.de\/index.php?rest_route=\/wp\/v2\/posts\/3734"}],"collection":[{"href":"http:\/\/www.kulturtechno.de\/index.php?rest_route=\/wp\/v2\/posts"}],"about":[{"href":"http:\/\/www.kulturtechno.de\/index.php?rest_route=\/wp\/v2\/types\/post"}],"author":[{"embeddable":true,"href":"http:\/\/www.kulturtechno.de\/index.php?rest_route=\/wp\/v2\/users\/1"}],"replies":[{"embeddable":true,"href":"http:\/\/www.kulturtechno.de\/index.php?rest_route=%2Fwp%2Fv2%2Fcomments&post=3734"}],"version-history":[{"count":1,"href":"http:\/\/www.kulturtechno.de\/index.php?rest_route=\/wp\/v2\/posts\/3734\/revisions"}],"predecessor-version":[{"id":3735,"href":"http:\/\/www.kulturtechno.de\/index.php?rest_route=\/wp\/v2\/posts\/3734\/revisions\/3735"}],"wp:attachment":[{"href":"http:\/\/www.kulturtechno.de\/index.php?rest_route=%2Fwp%2Fv2%2Fmedia&parent=3734"}],"wp:term":[{"taxonomy":"category","embeddable":true,"href":"http:\/\/www.kulturtechno.de\/index.php?rest_route=%2Fwp%2Fv2%2Fcategories&post=3734"},{"taxonomy":"post_tag","embeddable":true,"href":"http:\/\/www.kulturtechno.de\/index.php?rest_route=%2Fwp%2Fv2%2Ftags&post=3734"}],"curies":[{"name":"wp","href":"https:\/\/api.w.org\/{rel}","templated":true}]}}