{"id":3324,"date":"2010-06-28T14:34:11","date_gmt":"2010-06-28T12:34:11","guid":{"rendered":"http:\/\/www.kulturtechno.de\/?p=3324"},"modified":"2010-06-28T14:55:55","modified_gmt":"2010-06-28T12:55:55","slug":"feeds-horen-tv-aufbau","status":"publish","type":"post","link":"http:\/\/www.kulturtechno.de\/?p=3324","title":{"rendered":"Feeds. H\u00f6ren TV &#8212; Aufbau"},"content":{"rendered":"<p>Heute hat der Aufbau des B\u00fchnenbilds f\u00fcr &#8222;Feeds. H\u00f6ren TV&#8220; am Musiktheater im Revier Gelsenkirchen begonnen (B\u00fchnenbildnerin: Justyna Jaszczuk). Das Ganze wird ein Fernsehstudio! <\/p>\n<p><a href=\"http:\/\/www.kulturtechno.de\/images\/l-604-453-3347e11f-d53d-4aa2-ac7d-bf07ee02e3a7.jpeg\" rel=\"lightbox[3324]\"><img decoding=\"async\" src=\"http:\/\/www.kulturtechno.de\/images\/l-604-453-3347e11f-d53d-4aa2-ac7d-bf07ee02e3a7.jpeg\" alt=\"\" class=\"alignnone size-full\" \/><\/a><\/p>\n<p>(Ich hadere immer noch mit der iPhone-Wordpress-App &#8211; bei mir zeigt er das Foto an, ich hoffe bei euch auch.)<\/p>\n<p><a href=\"http:\/\/www.kulturtechno.de\/images\/l-604-453-3317e273-47a6-4160-a6f7-b116a7de560e.jpeg\" rel=\"lightbox[3324]\"><img decoding=\"async\" src=\"http:\/\/www.kulturtechno.de\/images\/l-604-453-3317e273-47a6-4160-a6f7-b116a7de560e.jpeg\" alt=\"\" class=\"alignnone size-full\" \/><\/a><\/p>\n","protected":false},"excerpt":{"rendered":"<p>Heute hat der Aufbau des B\u00fchnenbilds f\u00fcr &#8222;Feeds. H\u00f6ren TV&#8220; am Musiktheater im Revier Gelsenkirchen begonnen (B\u00fchnenbildnerin: Justyna Jaszczuk). Das Ganze wird ein Fernsehstudio! (Ich hadere immer noch mit der iPhone-Wordpress-App &#8211; bei mir zeigt er das Foto an, ich hoffe bei euch auch.)<\/p>\n","protected":false},"author":1,"featured_media":0,"comment_status":"open","ping_status":"open","sticky":false,"template":"","format":"standard","meta":{"_links_to":"","_links_to_target":"","footnotes":""},"categories":[3],"tags":[],"class_list":["post-3324","post","type-post","status-publish","format-standard","hentry","category-id"],"_links":{"self":[{"href":"http:\/\/www.kulturtechno.de\/index.php?rest_route=\/wp\/v2\/posts\/3324"}],"collection":[{"href":"http:\/\/www.kulturtechno.de\/index.php?rest_route=\/wp\/v2\/posts"}],"about":[{"href":"http:\/\/www.kulturtechno.de\/index.php?rest_route=\/wp\/v2\/types\/post"}],"author":[{"embeddable":true,"href":"http:\/\/www.kulturtechno.de\/index.php?rest_route=\/wp\/v2\/users\/1"}],"replies":[{"embeddable":true,"href":"http:\/\/www.kulturtechno.de\/index.php?rest_route=%2Fwp%2Fv2%2Fcomments&post=3324"}],"version-history":[{"count":4,"href":"http:\/\/www.kulturtechno.de\/index.php?rest_route=\/wp\/v2\/posts\/3324\/revisions"}],"predecessor-version":[{"id":3329,"href":"http:\/\/www.kulturtechno.de\/index.php?rest_route=\/wp\/v2\/posts\/3324\/revisions\/3329"}],"wp:attachment":[{"href":"http:\/\/www.kulturtechno.de\/index.php?rest_route=%2Fwp%2Fv2%2Fmedia&parent=3324"}],"wp:term":[{"taxonomy":"category","embeddable":true,"href":"http:\/\/www.kulturtechno.de\/index.php?rest_route=%2Fwp%2Fv2%2Fcategories&post=3324"},{"taxonomy":"post_tag","embeddable":true,"href":"http:\/\/www.kulturtechno.de\/index.php?rest_route=%2Fwp%2Fv2%2Ftags&post=3324"}],"curies":[{"name":"wp","href":"https:\/\/api.w.org\/{rel}","templated":true}]}}