{"id":3317,"date":"2010-06-20T07:15:23","date_gmt":"2010-06-20T05:15:23","guid":{"rendered":"http:\/\/www.kulturtechno.de\/?p=3317"},"modified":"2010-06-20T09:55:08","modified_gmt":"2010-06-20T07:55:08","slug":"kreidler-musiktexte-2","status":"publish","type":"post","link":"http:\/\/www.kulturtechno.de\/?p=3317","title":{"rendered":"Digital naives oder digital natives?"},"content":{"rendered":"<p>In der neuen Ausgabe der MusikTexte habe ich eine Replik auf Claus-Steffen Mahnkopfs in derselben Zeitschrift erschienenes Pamphlet &#8222;Neue Technikgl\u00e4ubigkeit?&#8220; geschrieben (Link: http:\/\/www.musiktexte.de\/contents\/de\/d277.html). <\/p>\n<p>Damit ist die Kontroverse \u00fcber die Digitale Revolution, wie sie andernorts, bspw. in der FAZ auch gef\u00fchrt wird, freilich nicht zu Ende. Auf den Disput aufmerksam geworden, hat der Verleger Peter Mischung nun initiiert, dass ein ganzes Buch dazu erscheinen soll. So wird also im Oktober im Wolke-Verlag das Buch &#8222;Musik, \u00c4sthetik, Digitalisierung &#8211; Eine Kontroverse&#8220; erscheinen, mit alten und neuen Texten von Harry Lehmann, Claus-Steffen Mahnkopf und mir. <\/p>\n<p>Hier ein Auszug aus meinem Text &#8222;Digital Naives oder Digital Natives?&#8220;, der jetzt in den MusikTexten abgedruckt ist:<\/p>\n<p>&#8222;Aber auch im Konzertsaal ist die Lautsprechertechnik sehr potent, ich erlaube mir, Mahnkopf eines besseren zu belehren: Lautsprecher k\u00f6nnen verschiedene Richtungscharakteristika haben, ebenso wie Instrumente. Ein gutes Beispiel ist die Staatsoper unter den Linden, deren Raumakustik so miserabel ist, dass mit unscheinbaren Lautsprechern in den Ecken ein sch\u00f6ner Raumklang nachgebildet wird; der technophobe Barenboim gab sich nach kritischer Erprobung \u00fcberzeugt. Man wird nur endlich anfangen m\u00fcssen, den Umgang mit Lautsprechern in die Disziplin der Instrumentation einzugliedern und den Klangregisseur als vollwertigen Musiker aufzufassen, dann ist ein hervorragendes Klangbild mit Live-Elektronik sehr wohl m\u00f6glich. Sicher kommt hinzu, dass sich unsere Gesellschaft immer mehr an Lautsprecher gew\u00f6hnt &#8211; zur Zeit verbreiten sich die Surroundsysteme f\u00fcrs Wohnzimmer -, was nicht per se regressiv ist. Prinzipienreiter oder Nostalgiker m\u00f6gen weiter genau das aufsuchen, was Computer und \/ oder Lautsprecher nicht k\u00f6nnen; dem ist nur der Gegenvorschlag zu machen, statt dass immer noch kompliziertere F\u00fcnftel- und Siebteltonleitern auf dem &#8218;ver\u00fcbergeschichtlichten&#8216; Cello einge\u00fcbt werden man besser einen Saitenkontroller \u00fcbt, den man auf jede Stimmung applizieren kann &#8211; aber wer den sportiven Wettkampf mit der Maschine unbedingt aufnehmen will, der wird Deep Fritz noch eine Weile in Schach halten. Die Aura des menschlichen Spielers ist unersetzbar, aber die Instrumente sind erweiterbar um Kombinationen von Kontrollern und Lautsprechern, da finden die gr\u00f6\u00dferen Innovationen statt, sicher auch im Widerspruch zur Technik, aber in dialektischem Bezug aufeinander. Der Mensch ist nun mal mit Technologie verbunden, mit Brille und Herzschrittmacher (wen interessieren nackte Menschen?).&#8220;<\/p>\n<p>(Sorry f\u00fcr die schwache Verlinkung, das ist mein erstes Mal mit der WordPress-iPhone-App.)<\/p>\n","protected":false},"excerpt":{"rendered":"<p>In der neuen Ausgabe der MusikTexte habe ich eine Replik auf Claus-Steffen Mahnkopfs in derselben Zeitschrift erschienenes Pamphlet &#8222;Neue Technikgl\u00e4ubigkeit?&#8220; geschrieben (Link: http:\/\/www.musiktexte.de\/contents\/de\/d277.html). Damit ist die Kontroverse \u00fcber die Digitale Revolution, wie sie andernorts, bspw. in der FAZ auch gef\u00fchrt wird, freilich nicht zu Ende. Auf den Disput aufmerksam geworden, hat der Verleger Peter Mischung [&hellip;]<\/p>\n","protected":false},"author":1,"featured_media":0,"comment_status":"open","ping_status":"open","sticky":false,"template":"","format":"standard","meta":{"_links_to":"","_links_to_target":"","footnotes":""},"categories":[18,3],"tags":[],"class_list":["post-3317","post","type-post","status-publish","format-standard","hentry","category-futurismus","category-id"],"_links":{"self":[{"href":"http:\/\/www.kulturtechno.de\/index.php?rest_route=\/wp\/v2\/posts\/3317"}],"collection":[{"href":"http:\/\/www.kulturtechno.de\/index.php?rest_route=\/wp\/v2\/posts"}],"about":[{"href":"http:\/\/www.kulturtechno.de\/index.php?rest_route=\/wp\/v2\/types\/post"}],"author":[{"embeddable":true,"href":"http:\/\/www.kulturtechno.de\/index.php?rest_route=\/wp\/v2\/users\/1"}],"replies":[{"embeddable":true,"href":"http:\/\/www.kulturtechno.de\/index.php?rest_route=%2Fwp%2Fv2%2Fcomments&post=3317"}],"version-history":[{"count":5,"href":"http:\/\/www.kulturtechno.de\/index.php?rest_route=\/wp\/v2\/posts\/3317\/revisions"}],"predecessor-version":[{"id":3318,"href":"http:\/\/www.kulturtechno.de\/index.php?rest_route=\/wp\/v2\/posts\/3317\/revisions\/3318"}],"wp:attachment":[{"href":"http:\/\/www.kulturtechno.de\/index.php?rest_route=%2Fwp%2Fv2%2Fmedia&parent=3317"}],"wp:term":[{"taxonomy":"category","embeddable":true,"href":"http:\/\/www.kulturtechno.de\/index.php?rest_route=%2Fwp%2Fv2%2Fcategories&post=3317"},{"taxonomy":"post_tag","embeddable":true,"href":"http:\/\/www.kulturtechno.de\/index.php?rest_route=%2Fwp%2Fv2%2Ftags&post=3317"}],"curies":[{"name":"wp","href":"https:\/\/api.w.org\/{rel}","templated":true}]}}