{"id":2933,"date":"2010-02-14T12:17:49","date_gmt":"2010-02-14T10:17:49","guid":{"rendered":"http:\/\/www.kulturtechno.de\/?p=2933"},"modified":"2010-02-14T12:26:46","modified_gmt":"2010-02-14T10:26:46","slug":"onofftofro","status":"publish","type":"post","link":"http:\/\/www.kulturtechno.de\/?p=2933","title":{"rendered":"on&#038;off&#038;to&#038;fro"},"content":{"rendered":"<p>Das hervorragende belgische Ensemble <a href=\"http:\/\/www.nadarensemble.be\/indexned.html\">Nadar<\/a> spielt unter der Leitung von <a href=\"http:\/\/www.daanjanssens.be\/\">Daan Janssens<\/a> &#8222;on&#038;off&#038;to&#038;fro&#8220; von <a href=\"http:\/\/www.simonsteenandersen.dk\/\">Simon Steen-Andersen<\/a>. Wir steigen gleich in den zweiten Teil ein mit lustigen Megaphon-Kl\u00e4ngen. (Teil 1 <a href=\"http:\/\/www.youtube.com\/watch?v=mzMTlzbeYVE&#038;feature=related\">hier<\/a>.)<\/p>\n<p><object width=\"425\" height=\"344\"><param name=\"movie\" value=\"http:\/\/www.youtube.com\/v\/R39TGygTX1c&#038;hl=en_US&#038;fs=1&#038;\"><\/param><param name=\"allowFullScreen\" value=\"true\"><\/param><param name=\"allowscriptaccess\" value=\"always\"><\/param><embed src=\"http:\/\/www.youtube.com\/v\/R39TGygTX1c&#038;hl=en_US&#038;fs=1&#038;\" type=\"application\/x-shockwave-flash\" allowscriptaccess=\"always\" allowfullscreen=\"true\" width=\"425\" height=\"344\"><\/embed><\/object><\/p>\n<p>Erfreulicherweise bem\u00fchen sich die Nadars grunds\u00e4tzlich um Dokumentation ihrer Konzerte, <a href=\"http:\/\/www.youtube.com\/user\/nadarensemble#g\/a\">hier<\/a> der YouTube Channel.<\/p>\n<p>[ad#ad2]<\/p>\n","protected":false},"excerpt":{"rendered":"<p>Das hervorragende belgische Ensemble Nadar spielt unter der Leitung von Daan Janssens &#8222;on&#038;off&#038;to&#038;fro&#8220; von Simon Steen-Andersen. Wir steigen gleich in den zweiten Teil ein mit lustigen Megaphon-Kl\u00e4ngen. (Teil 1 hier.) Erfreulicherweise bem\u00fchen sich die Nadars grunds\u00e4tzlich um Dokumentation ihrer Konzerte, hier der YouTube Channel. [ad#ad2]<\/p>\n","protected":false},"author":1,"featured_media":0,"comment_status":"open","ping_status":"open","sticky":false,"template":"","format":"standard","meta":{"_links_to":"","_links_to_target":"","footnotes":""},"categories":[4],"tags":[],"class_list":["post-2933","post","type-post","status-publish","format-standard","hentry","category-museum"],"_links":{"self":[{"href":"http:\/\/www.kulturtechno.de\/index.php?rest_route=\/wp\/v2\/posts\/2933"}],"collection":[{"href":"http:\/\/www.kulturtechno.de\/index.php?rest_route=\/wp\/v2\/posts"}],"about":[{"href":"http:\/\/www.kulturtechno.de\/index.php?rest_route=\/wp\/v2\/types\/post"}],"author":[{"embeddable":true,"href":"http:\/\/www.kulturtechno.de\/index.php?rest_route=\/wp\/v2\/users\/1"}],"replies":[{"embeddable":true,"href":"http:\/\/www.kulturtechno.de\/index.php?rest_route=%2Fwp%2Fv2%2Fcomments&post=2933"}],"version-history":[{"count":3,"href":"http:\/\/www.kulturtechno.de\/index.php?rest_route=\/wp\/v2\/posts\/2933\/revisions"}],"predecessor-version":[{"id":2937,"href":"http:\/\/www.kulturtechno.de\/index.php?rest_route=\/wp\/v2\/posts\/2933\/revisions\/2937"}],"wp:attachment":[{"href":"http:\/\/www.kulturtechno.de\/index.php?rest_route=%2Fwp%2Fv2%2Fmedia&parent=2933"}],"wp:term":[{"taxonomy":"category","embeddable":true,"href":"http:\/\/www.kulturtechno.de\/index.php?rest_route=%2Fwp%2Fv2%2Fcategories&post=2933"},{"taxonomy":"post_tag","embeddable":true,"href":"http:\/\/www.kulturtechno.de\/index.php?rest_route=%2Fwp%2Fv2%2Ftags&post=2933"}],"curies":[{"name":"wp","href":"https:\/\/api.w.org\/{rel}","templated":true}]}}