{"id":2809,"date":"2010-01-22T00:01:05","date_gmt":"2010-01-21T22:01:05","guid":{"rendered":"http:\/\/www.kulturtechno.de\/?p=2809"},"modified":"2010-01-17T18:37:13","modified_gmt":"2010-01-17T16:37:13","slug":"call-wolfgang-sichtbarkeit-als-sicherheit-bremen","status":"publish","type":"post","link":"http:\/\/www.kulturtechno.de\/?p=2809","title":{"rendered":"Call Wolfgang @Sichtbarkeit als Sicherheit Bremen"},"content":{"rendered":"<p>Heute abend ab 17h ist die Vernissage der Ausstellung &#8222;c_you. Sichtbarkeit als Sicherheit&#8220; im Kino 46 Bremen. Darin wird auch meine Installation <a href=\"http:\/\/www.kreidler-net.de\/call.html\">Call Wolfgang<\/a> gezeigt. See you!<\/p>\n<p><object width=\"425\" height=\"344\"><param name=\"movie\" value=\"http:\/\/www.youtube.com\/v\/do6ISwfV65E&#038;color1=0xb1b1b1&#038;color2=0xcfcfcf&#038;hl=en_US&#038;feature=player_embedded&#038;fs=1\"><\/param><param name=\"allowFullScreen\" value=\"true\"><\/param><param name=\"allowScriptAccess\" value=\"always\"><\/param><embed src=\"http:\/\/www.youtube.com\/v\/do6ISwfV65E&#038;color1=0xb1b1b1&#038;color2=0xcfcfcf&#038;hl=en_US&#038;feature=player_embedded&#038;fs=1\" type=\"application\/x-shockwave-flash\" allowfullscreen=\"true\" allowScriptAccess=\"always\" width=\"425\" height=\"344\"><\/embed><\/object><\/p>\n<p>Er\u00f6ffnung: Fr. 22. Januar 2010<br \/>\n21. Januar bis 7. Februar 2010<br \/>\nKino 46, Waller Heerstra\u00dfe 46, Bremen<br \/>\n\u00d6ffnungszeiten Di-Fr 19.30 &#8211; 22.30 Uhr, Sa-So 15.30 &#8211; 22.30 Uhr, Mo geschlossen, weitere Termine nach Vereinbarung<\/p>\n<blockquote><p>T\u00e4glich werden wir gesehen, registriert oder \u00fcberpr\u00fcft. Auf der Suche nach einem selbsterzeugten, gesichtslosen Phantom stehen wir h\u00e4ufig vor der Frage, wer verd\u00e4chtig ist und wer nicht. Wir ben\u00f6tigen ein Bild des Anderen, um unser Selbstbild zu wahren. \u00dcberwachungskameras, Sicherheitssysteme und Datenspeicherung z\u00e4hlen heute zu den wichtigsten Aspekten der Verbrechenspr\u00e4vention und\u2013 bek\u00e4mpfung. F\u00fcr ein Gef\u00fchl von Sicherheit sind wir bereit, einen Teil unserer Privatsph\u00e4re und Individualit\u00e4t zu opfern.<\/p>\n<p>c_you \u2013 Sichtbarkeit als Sicherheit ist eine Ausstellung nationaler und internationaler K\u00fcnstler, die begleitend zum 15. Internationalen Bremer Symposium des Films im Kino46 vom 21. Januar bis zum 7. Februar 2010 stattfindet. Die pr\u00e4sentierten k\u00fcnstlerischen Arbeiten thematisieren die Inszenierung von Sicherheit und die Konstruktion von Feindbildern. Sie befragen die beinahe allgegenw\u00e4rtig gewordenen Mechanismen der Kontrolle und lassen die scheinbar eindeutigen Opfer- und T\u00e4terrollen verschwimmen. Sie fordern dazu auf, den eigenen Blick neu zu sch\u00e4rfen.<\/p>\n<p>Der typische Bremer von Raul Gschrey stellt das durchschnittliche Portr\u00e4t eines Bremers aus: Handelt es sich hierbei um ein Ideal unserer Zeit? Individualit\u00e4t kann in einer \u00e4ngstlichen Gesellschaft f\u00fcr Aufmerksamkeit sorgen, vielleicht sogar zu Verd\u00e4chtigungen f\u00fchren. Dass die Problematik von Individualit\u00e4t und der daraus resultierenden Unsicherheit eine globale ist, verdeutlicht auch der Film confesi\u00f3n der guatemaltekischen K\u00fcnstlerin Regina Jos\u00e9 Galindo. Er besch\u00e4ftigt sich mit der umstrittenen und doch verbreiteten \u201eVerh\u00f6rmethode\u201c water-boarding. In einem Selbstversuch hat die K\u00fcnstlerin einen Unbekannten gebeten, sie in kurzen Abst\u00e4nden, ohne R\u00fccksicht auf ihre Reaktionen unter Wasser zu tauchen. Schockiert von der Brutalit\u00e4t und Konsequenz des Unbekannten und doch durch den eigenen voyeuristischen Blick gefesselt, schaut der Betrachter dem Geschehen zu: Wie viel ist die W\u00fcrde des Einzelnen wert, wenn es um die Frage nach Sicherheit geht?<\/p><\/blockquote>\n<p><a href=\"http:\/\/www.kino46.de\/en\/symposium\/symposium_2010\/c_you.html\">http:\/\/www.kino46.de\/en\/symposium\/symposium_2010\/c_you.html<\/a><\/p>\n<p>[ad#ad2]<\/p>\n","protected":false},"excerpt":{"rendered":"<p>Heute abend ab 17h ist die Vernissage der Ausstellung &#8222;c_you. Sichtbarkeit als Sicherheit&#8220; im Kino 46 Bremen. Darin wird auch meine Installation Call Wolfgang gezeigt. See you! Er\u00f6ffnung: Fr. 22. Januar 2010 21. Januar bis 7. Februar 2010 Kino 46, Waller Heerstra\u00dfe 46, Bremen \u00d6ffnungszeiten Di-Fr 19.30 &#8211; 22.30 Uhr, Sa-So 15.30 &#8211; 22.30 Uhr, [&hellip;]<\/p>\n","protected":false},"author":1,"featured_media":0,"comment_status":"open","ping_status":"open","sticky":false,"template":"","format":"standard","meta":{"_links_to":"","_links_to_target":"","footnotes":""},"categories":[3],"tags":[],"class_list":["post-2809","post","type-post","status-publish","format-standard","hentry","category-id"],"_links":{"self":[{"href":"http:\/\/www.kulturtechno.de\/index.php?rest_route=\/wp\/v2\/posts\/2809"}],"collection":[{"href":"http:\/\/www.kulturtechno.de\/index.php?rest_route=\/wp\/v2\/posts"}],"about":[{"href":"http:\/\/www.kulturtechno.de\/index.php?rest_route=\/wp\/v2\/types\/post"}],"author":[{"embeddable":true,"href":"http:\/\/www.kulturtechno.de\/index.php?rest_route=\/wp\/v2\/users\/1"}],"replies":[{"embeddable":true,"href":"http:\/\/www.kulturtechno.de\/index.php?rest_route=%2Fwp%2Fv2%2Fcomments&post=2809"}],"version-history":[{"count":1,"href":"http:\/\/www.kulturtechno.de\/index.php?rest_route=\/wp\/v2\/posts\/2809\/revisions"}],"predecessor-version":[{"id":2810,"href":"http:\/\/www.kulturtechno.de\/index.php?rest_route=\/wp\/v2\/posts\/2809\/revisions\/2810"}],"wp:attachment":[{"href":"http:\/\/www.kulturtechno.de\/index.php?rest_route=%2Fwp%2Fv2%2Fmedia&parent=2809"}],"wp:term":[{"taxonomy":"category","embeddable":true,"href":"http:\/\/www.kulturtechno.de\/index.php?rest_route=%2Fwp%2Fv2%2Fcategories&post=2809"},{"taxonomy":"post_tag","embeddable":true,"href":"http:\/\/www.kulturtechno.de\/index.php?rest_route=%2Fwp%2Fv2%2Ftags&post=2809"}],"curies":[{"name":"wp","href":"https:\/\/api.w.org\/{rel}","templated":true}]}}