{"id":2792,"date":"2010-01-19T15:14:54","date_gmt":"2010-01-19T13:14:54","guid":{"rendered":"http:\/\/www.kulturtechno.de\/?p=2792"},"modified":"2010-01-17T18:18:59","modified_gmt":"2010-01-17T16:18:59","slug":"bilder-von-peter-roehr","status":"publish","type":"post","link":"http:\/\/www.kulturtechno.de\/?p=2792","title":{"rendered":"Bilder von Peter Roehr"},"content":{"rendered":"<p>Im <a href=\"http:\/\/www.mmk-frankfurt.de\/\">Frankfurter Museum f\u00fcr moderne Kunst<\/a> und im <a href=\"http:\/\/www.staedelmuseum.de\/sm\/\">St\u00e4del<\/a> l\u00e4uft bis Mitte M\u00e4rz noch eine fantastische Ausstellung des fr\u00fch Verstorbenen Konzeptk\u00fcnstlers Peter Roehr, der nichts anderes machte als Objekte in gro\u00dfer Menge (wenn auch nicht ganz so gro\u00dfer wie ich es mir w\u00fcnschen w\u00fcrde..) nebeneinander zu kleben.<\/p>\n<p><a href=\"http:\/\/www.fr-online.de\/_em_daten\/_multicom\/2009\/11\/27\/091127_1745_bild_02.jpg\" rel=\"lightbox[2792]\"><img loading=\"lazy\" decoding=\"async\" alt=\"\" src=\"http:\/\/www.fr-online.de\/_em_daten\/_multicom\/2009\/11\/27\/091127_1745_bild_02.jpg\" class=\"alignnone\" width=\"450\" height=\"400\" \/><\/a><\/p>\n<p>Dazu auch ein <a href=\"http:\/\/www.zeit.de\/2009\/48\/Roehr-48?page=all\">sch\u00f6ner Text<\/a> in der ZEIT.<\/p>\n","protected":false},"excerpt":{"rendered":"<p>Im Frankfurter Museum f\u00fcr moderne Kunst und im St\u00e4del l\u00e4uft bis Mitte M\u00e4rz noch eine fantastische Ausstellung des fr\u00fch Verstorbenen Konzeptk\u00fcnstlers Peter Roehr, der nichts anderes machte als Objekte in gro\u00dfer Menge (wenn auch nicht ganz so gro\u00dfer wie ich es mir w\u00fcnschen w\u00fcrde..) nebeneinander zu kleben. Dazu auch ein sch\u00f6ner Text in der ZEIT.<\/p>\n","protected":false},"author":1,"featured_media":0,"comment_status":"open","ping_status":"open","sticky":false,"template":"","format":"standard","meta":{"_links_to":"","_links_to_target":"","footnotes":""},"categories":[4],"tags":[],"class_list":["post-2792","post","type-post","status-publish","format-standard","hentry","category-museum"],"_links":{"self":[{"href":"http:\/\/www.kulturtechno.de\/index.php?rest_route=\/wp\/v2\/posts\/2792"}],"collection":[{"href":"http:\/\/www.kulturtechno.de\/index.php?rest_route=\/wp\/v2\/posts"}],"about":[{"href":"http:\/\/www.kulturtechno.de\/index.php?rest_route=\/wp\/v2\/types\/post"}],"author":[{"embeddable":true,"href":"http:\/\/www.kulturtechno.de\/index.php?rest_route=\/wp\/v2\/users\/1"}],"replies":[{"embeddable":true,"href":"http:\/\/www.kulturtechno.de\/index.php?rest_route=%2Fwp%2Fv2%2Fcomments&post=2792"}],"version-history":[{"count":1,"href":"http:\/\/www.kulturtechno.de\/index.php?rest_route=\/wp\/v2\/posts\/2792\/revisions"}],"predecessor-version":[{"id":2793,"href":"http:\/\/www.kulturtechno.de\/index.php?rest_route=\/wp\/v2\/posts\/2792\/revisions\/2793"}],"wp:attachment":[{"href":"http:\/\/www.kulturtechno.de\/index.php?rest_route=%2Fwp%2Fv2%2Fmedia&parent=2792"}],"wp:term":[{"taxonomy":"category","embeddable":true,"href":"http:\/\/www.kulturtechno.de\/index.php?rest_route=%2Fwp%2Fv2%2Fcategories&post=2792"},{"taxonomy":"post_tag","embeddable":true,"href":"http:\/\/www.kulturtechno.de\/index.php?rest_route=%2Fwp%2Fv2%2Ftags&post=2792"}],"curies":[{"name":"wp","href":"https:\/\/api.w.org\/{rel}","templated":true}]}}