{"id":27821,"date":"2026-09-03T05:04:00","date_gmt":"2026-09-03T03:04:00","guid":{"rendered":"https:\/\/www.kulturtechno.de\/?p=27821"},"modified":"2026-08-30T10:04:44","modified_gmt":"2026-08-30T08:04:44","slug":"wahl-in-berlin","status":"publish","type":"post","link":"http:\/\/www.kulturtechno.de\/?p=27821","title":{"rendered":"Wahl in Berlin"},"content":{"rendered":"<blockquote class=\"bluesky-embed\" data-bluesky-uri=\"at:\/\/did:plc:uhmcjgtozmq4oifehcalduo6\/app.bsky.feed.post\/3mu7t3utmrc2p\" data-bluesky-cid=\"bafyreidkrp753634x4aerggrw5ipk334zup4z7eyf3zp5l6ai7vma2bbnq\" data-bluesky-embed-color-mode=\"system\">\n<p lang=\"de\">Im Bund kann man angesichts des Klimawandels nichts als gr\u00fcn w\u00e4hlen, und die linke Au\u00dfenpolitik ist allzu irrlichternd, aber in Berlin brauchts nen kr\u00e4ftigen Linksruck. \u2716\ufe0f Done.<\/p>\n<p><a href=\"https:\/\/bsky.app\/profile\/did:plc:uhmcjgtozmq4oifehcalduo6\/post\/3mu7t3utmrc2p?ref_src=embed\">[image or embed]<\/a><\/p>\n<p>&mdash; Johannes Kreidler (<a href=\"https:\/\/bsky.app\/profile\/did:plc:uhmcjgtozmq4oifehcalduo6?ref_src=embed\">@kreidler.bsky.social<\/a>) <a href=\"https:\/\/bsky.app\/profile\/did:plc:uhmcjgtozmq4oifehcalduo6\/post\/3mu7t3utmrc2p?ref_src=embed\">29. August 2026 um 13:56<\/a><\/p><\/blockquote>\n<p><script async src=\"https:\/\/embed.bsky.app\/static\/embed.js\" charset=\"utf-8\"><\/script><\/p>\n","protected":false},"excerpt":{"rendered":"<p>Im Bund kann man angesichts des Klimawandels nichts als gr\u00fcn w\u00e4hlen, und die linke Au\u00dfenpolitik ist allzu irrlichternd, aber in Berlin brauchts nen kr\u00e4ftigen Linksruck. \u2716\ufe0f Done. [image or embed] &mdash; Johannes Kreidler (@kreidler.bsky.social) 29. August 2026 um 13:56<\/p>\n","protected":false},"author":1,"featured_media":0,"comment_status":"open","ping_status":"open","sticky":false,"template":"","format":"standard","meta":{"_links_to":"","_links_to_target":"","footnotes":""},"categories":[3],"tags":[],"class_list":["post-27821","post","type-post","status-publish","format-standard","hentry","category-id"],"_links":{"self":[{"href":"http:\/\/www.kulturtechno.de\/index.php?rest_route=\/wp\/v2\/posts\/27821"}],"collection":[{"href":"http:\/\/www.kulturtechno.de\/index.php?rest_route=\/wp\/v2\/posts"}],"about":[{"href":"http:\/\/www.kulturtechno.de\/index.php?rest_route=\/wp\/v2\/types\/post"}],"author":[{"embeddable":true,"href":"http:\/\/www.kulturtechno.de\/index.php?rest_route=\/wp\/v2\/users\/1"}],"replies":[{"embeddable":true,"href":"http:\/\/www.kulturtechno.de\/index.php?rest_route=%2Fwp%2Fv2%2Fcomments&post=27821"}],"version-history":[{"count":1,"href":"http:\/\/www.kulturtechno.de\/index.php?rest_route=\/wp\/v2\/posts\/27821\/revisions"}],"predecessor-version":[{"id":27822,"href":"http:\/\/www.kulturtechno.de\/index.php?rest_route=\/wp\/v2\/posts\/27821\/revisions\/27822"}],"wp:attachment":[{"href":"http:\/\/www.kulturtechno.de\/index.php?rest_route=%2Fwp%2Fv2%2Fmedia&parent=27821"}],"wp:term":[{"taxonomy":"category","embeddable":true,"href":"http:\/\/www.kulturtechno.de\/index.php?rest_route=%2Fwp%2Fv2%2Fcategories&post=27821"},{"taxonomy":"post_tag","embeddable":true,"href":"http:\/\/www.kulturtechno.de\/index.php?rest_route=%2Fwp%2Fv2%2Ftags&post=27821"}],"curies":[{"name":"wp","href":"https:\/\/api.w.org\/{rel}","templated":true}]}}