{"id":2773,"date":"2010-01-19T16:29:56","date_gmt":"2010-01-19T14:29:56","guid":{"rendered":"http:\/\/www.kulturtechno.de\/?p=2773"},"modified":"2010-01-12T13:32:09","modified_gmt":"2010-01-12T11:32:09","slug":"die-ursache-liegt-in-der-zukunft-rev","status":"publish","type":"post","link":"http:\/\/www.kulturtechno.de\/?p=2773","title":{"rendered":"Die Ursache liegt in der Zukunft &#8211; Rev."},"content":{"rendered":"<p>Ich habe mein &#8222;futuristisches Manifest&#8220;, den Text Die &#8222;Die Ursache liegt in der Zukunft&#8220; (unl\u00e4ngst hier <a href=\"http:\/\/www.kulturtechno.de\/?p=2734\">gepostet<\/a>) einer kleinen Revision unterzogen, nicht zuletzt da mich einige deswegen angeschrieben haben. <\/p>\n<p>Im Einzelnen:<\/p>\n<blockquote><p>Wer sich die letzten zehn Jahre intensiv mit digitaler Technik befasst hat, kann mit relativer Sicherheit Prognosen abgeben. Sicher, weil bereits eingeschlagene Tendenzen haupts\u00e4chlich nur von mangelnder Hardwareleistung und alten Institutionen gebremst sind; die Hardware wird aber st\u00e4ndig weiterentwickelt, die Leistungen der Institutionen dadurch dann ersetzt.<\/p><\/blockquote>\n<p>Damit es nicht aussieht als ob alle Institutionen letztlich abgeschafft w\u00fcrden, jetzt:<\/p>\n<blockquote><p>Wer sich die letzten zehn Jahre intensiv mit digitaler Technik befasst hat, kann mit relativer Sicherheit Prognosen abgeben. Sicher, weil bereits eingeschlagene Tendenzen haupts\u00e4chlich nur von mangelnder Hardwareleistung und alten Institutionen gebremst sind; die Hardware wird aber st\u00e4ndig weiterentwickelt, die Institutionen passen sich dem dann allm\u00e4hlich an.<\/p><\/blockquote>\n<p>Ich habe meine Kritikpunkte an Institutionen (siehe <a href=\"http:\/\/www.kreidler-net.de\/theorie\/institutionen.htm\">Institutionen komponieren<\/a>), aber freilich sind sie notwendig. Positives Beispiel scheinen die Darmst\u00e4dter Ferienkurse zu werden, die zumindest schon ein ansehnliches <a href=\"http:\/\/www.internationales-musikinstitut.de\/index.php?option=com_content&#038;view=category&#038;layout=blog&#038;id=18&#038;Itemid=6&#038;lang=en\">Programm<\/a> f\u00fcr dieses Jahr aufweisen.<\/p>\n<blockquote><p>\nF\u00fcr die Musik ist abzusehen, dass Sensorik die klassischen Instrumente abl\u00f6sen kann. Dann gibt es statt f\u00fcr Klavier, Geige und Oboe Studieng\u00e4nge f\u00fcr Tast-, Streich- und Blasmodule.<\/p><\/blockquote>\n<p>Daraus wurde:<\/p>\n<blockquote><p>F\u00fcr die Musik ist abzusehen, dass Sensorik die klassischen Instrumente abl\u00f6sen kann. Dann gibt es statt Pianisten, Geiger und Oboisten Tast-, Streich- und Blasperformer an Analog-Digital-Wandlern. <\/p><\/blockquote>\n<p>Auch wenn ich es nicht f\u00fcr ausgeschlossen halte, dass man auch Bach irgendwann (ernsthaft) auf einem Keyboard spielt, so wie man ihn ja schon auf dem unbarocken Konzertfl\u00fcgel spielt, werden die klassischen Instrumente f\u00fcrs klassische Repertoire nat\u00fcrlich weiter gepflegt werden. Die Vision der neuen Studieng\u00e4nge ist wenn dann in ganz entfernter Zukunft.<\/p>\n<blockquote><p>Physisches Musizieren bleibt aber faszinierend, live oder auf Video.<\/p><\/blockquote>\n<p>Jetzt:<\/p>\n<blockquote><p>Physisches Musizieren bleibt aber faszinierend, live, oder, immer mehr dank YouTube, auf Video.<\/p><\/blockquote>\n<p>Der Zusatz passt noch rein. Bin ganz sicher dass YouTube dem Konzertsaal echte Konkurrenz machen wird. Gerade krieg ich lauter Mails aus Frankreich, wo sie das erste &#8222;Internetfestival f\u00fcr Neue Musik&#8220; hochziehen wollen. Bonjour!<\/p>\n<blockquote><p>Auf Softwareseite wird die k\u00fcnstliche Intelligenz uns noch verbl\u00fcffen \u2013 man denke an den Sieg des Schachcomputers \u2013: Es wird Programme geben, mit denen sich Partituren vieler Stile der Neuen Musik per Klick erstellen lassen.<\/p><\/blockquote>\n<p>revidiert:<\/p>\n<blockquote><p>Auf Softwareseite werden Algorithmen uns immer mehr entlasten: Es wird Programme geben, mit denen sich Partituren der Satztypen bzw. Stile der Neuen Musik per Klick erstellen lassen. <\/p><\/blockquote>\n<p>Der Ausdruck &#8222;k\u00fcnstliche Intelligenz&#8220; ist problematisch. Intelligenz wird ja schon beim IQ-Test sehr differenziert in mathematische Intelligenz, sprachliche Intelligenz, r\u00e4umliches Vorstellungsverm\u00f6gen usw., au\u00dferdem gibt es als Kritik daran auch den EQ, der emotionale Intelligenztest. Was etwa mathematische Intelligenz angeht ist uns die &#8222;k\u00fcnstliche&#8220; des Taschenrechners schon lange \u00fcberlegen. Eine Sache halte ich tats\u00e4chlich f\u00fcr unm\u00f6glich: dass die Maschinen Bewusstsein und Willen bekommen. Was sie k\u00f6nnen sind eben manche Dinge viel schneller und in gr\u00f6\u00dferen Mengen, und bspw. Zufallsprozesse in enormer Komplexit\u00e4t. Damit lassen sich viele handwerkliche Dinge &#8211; also was quasi mit der Hand sonst gemacht wird &#8211; den Maschinen \u00fcberlassen; die Kopf- und Herzarbeit nehmen sie nicht ab.<\/p>\n<p>Ich kann nicht verhehlen dass mir in Texten oft die Lust am provokanten Satz die <del datetime=\"2010-01-12T11:04:49+00:00\">Feder<\/del> Tastatur f\u00fchrt. In dem Fall ist&#8217;s aber gar nicht n\u00f6tig zu \u00fcbertreiben, der Tobak ist f\u00fcr die meisten stark genug (dazu mehr in der n\u00e4chsten Ausgabe der MusikTexte). Darum die Revision.<\/p>\n<p>Hier der ganze Text <a href=\"http:\/\/www.kreidler-net.de\/theorie\/ursache.htm\">revised<\/a>.<\/p>\n<p>Danke f\u00fcr die Kritiken &#038; Anregungen an alle Email-Schreiber!<\/p>\n<p>[ad#ad2]<\/p>\n","protected":false},"excerpt":{"rendered":"<p>Ich habe mein &#8222;futuristisches Manifest&#8220;, den Text Die &#8222;Die Ursache liegt in der Zukunft&#8220; (unl\u00e4ngst hier gepostet) einer kleinen Revision unterzogen, nicht zuletzt da mich einige deswegen angeschrieben haben. Im Einzelnen: Wer sich die letzten zehn Jahre intensiv mit digitaler Technik befasst hat, kann mit relativer Sicherheit Prognosen abgeben. Sicher, weil bereits eingeschlagene Tendenzen haupts\u00e4chlich [&hellip;]<\/p>\n","protected":false},"author":1,"featured_media":0,"comment_status":"open","ping_status":"open","sticky":false,"template":"","format":"standard","meta":{"_links_to":"","_links_to_target":"","footnotes":""},"categories":[18,3],"tags":[],"class_list":["post-2773","post","type-post","status-publish","format-standard","hentry","category-futurismus","category-id"],"_links":{"self":[{"href":"http:\/\/www.kulturtechno.de\/index.php?rest_route=\/wp\/v2\/posts\/2773"}],"collection":[{"href":"http:\/\/www.kulturtechno.de\/index.php?rest_route=\/wp\/v2\/posts"}],"about":[{"href":"http:\/\/www.kulturtechno.de\/index.php?rest_route=\/wp\/v2\/types\/post"}],"author":[{"embeddable":true,"href":"http:\/\/www.kulturtechno.de\/index.php?rest_route=\/wp\/v2\/users\/1"}],"replies":[{"embeddable":true,"href":"http:\/\/www.kulturtechno.de\/index.php?rest_route=%2Fwp%2Fv2%2Fcomments&post=2773"}],"version-history":[{"count":3,"href":"http:\/\/www.kulturtechno.de\/index.php?rest_route=\/wp\/v2\/posts\/2773\/revisions"}],"predecessor-version":[{"id":2776,"href":"http:\/\/www.kulturtechno.de\/index.php?rest_route=\/wp\/v2\/posts\/2773\/revisions\/2776"}],"wp:attachment":[{"href":"http:\/\/www.kulturtechno.de\/index.php?rest_route=%2Fwp%2Fv2%2Fmedia&parent=2773"}],"wp:term":[{"taxonomy":"category","embeddable":true,"href":"http:\/\/www.kulturtechno.de\/index.php?rest_route=%2Fwp%2Fv2%2Fcategories&post=2773"},{"taxonomy":"post_tag","embeddable":true,"href":"http:\/\/www.kulturtechno.de\/index.php?rest_route=%2Fwp%2Fv2%2Ftags&post=2773"}],"curies":[{"name":"wp","href":"https:\/\/api.w.org\/{rel}","templated":true}]}}