{"id":2746,"date":"2010-01-11T14:21:21","date_gmt":"2010-01-11T12:21:21","guid":{"rendered":"http:\/\/www.kulturtechno.de\/?p=2746"},"modified":"2010-01-11T14:21:21","modified_gmt":"2010-01-11T12:21:21","slug":"musik-neu-geordnet","status":"publish","type":"post","link":"http:\/\/www.kulturtechno.de\/?p=2746","title":{"rendered":"Musik neu geordnet"},"content":{"rendered":"<p>Im Studium hab ich solche \u00dcbungen gemacht, T\u00f6ne nach verschiedenen Eigenschaften zu ordnen, ganz nach seriellem Strukturalismus: Tonh\u00f6he, Tondauer, Lautst\u00e4rke, Raumort etc. Auf diese Idee bin ich allerdings nicht gekommen: Schallplatten nach der Farbe zu ordnen, wie es <a href=\"http:\/\/www.gwbenson.co.uk\/dev\/index.php?\/projects\/colour-of-music\/\">George Benson<\/a> fotografiert hat:<\/p>\n<p><a href=\"http:\/\/blog.rebellen.info\/wp-content\/uploads\/2010\/01\/6_bluespurples_480.jpg\" rel=\"lightbox[2746]\"><img loading=\"lazy\" decoding=\"async\" alt=\"\" src=\"http:\/\/blog.rebellen.info\/wp-content\/uploads\/2010\/01\/6_bluespurples_480.jpg\" class=\"alignnone\" width=\"480\" height=\"321\" \/><\/a><\/p>\n<p><a href=\"http:\/\/blog.rebellen.info\/wp-content\/uploads\/2010\/01\/6_redsyellows_480.jpg\" rel=\"lightbox[2746]\"><img loading=\"lazy\" decoding=\"async\" alt=\"\" src=\"http:\/\/blog.rebellen.info\/wp-content\/uploads\/2010\/01\/6_redsyellows_480.jpg\" class=\"alignnone\" width=\"480\" height=\"321\" \/><\/a><\/p>\n<p><a href=\"http:\/\/blog.rebellen.info\/wp-content\/uploads\/2010\/01\/6_edges_480.jpg\" rel=\"lightbox[2746]\"><img loading=\"lazy\" decoding=\"async\" alt=\"\" src=\"http:\/\/blog.rebellen.info\/wp-content\/uploads\/2010\/01\/6_edges_480.jpg\" class=\"alignnone\" width=\"480\" height=\"321\" \/><\/a><\/p>\n<p><a href=\"http:\/\/blog.rebellen.info\/wp-content\/uploads\/2010\/01\/6_whites_4801.jpg\" rel=\"lightbox[2746]\"><img loading=\"lazy\" decoding=\"async\" alt=\"\" src=\"http:\/\/blog.rebellen.info\/wp-content\/uploads\/2010\/01\/6_whites_4801.jpg\" class=\"alignnone\" width=\"480\" height=\"321\" \/><\/a><\/p>\n<p>(Mir f\u00e4llt ein, zumindest hab ich eine Zeit lang meine B\u00fccher der Gr\u00f6\u00dfe nach ins Regal gestellt.)<\/p>\n<p>(<a href=\"http:\/\/blog.rebellen.info\/2010\/01\/06\/die-farben-der-musik\/\">via Blogrebellen<\/a>)<\/p>\n","protected":false},"excerpt":{"rendered":"<p>Im Studium hab ich solche \u00dcbungen gemacht, T\u00f6ne nach verschiedenen Eigenschaften zu ordnen, ganz nach seriellem Strukturalismus: Tonh\u00f6he, Tondauer, Lautst\u00e4rke, Raumort etc. Auf diese Idee bin ich allerdings nicht gekommen: Schallplatten nach der Farbe zu ordnen, wie es George Benson fotografiert hat: (Mir f\u00e4llt ein, zumindest hab ich eine Zeit lang meine B\u00fccher der Gr\u00f6\u00dfe [&hellip;]<\/p>\n","protected":false},"author":1,"featured_media":0,"comment_status":"open","ping_status":"open","sticky":false,"template":"","format":"standard","meta":{"_links_to":"","_links_to_target":"","footnotes":""},"categories":[21],"tags":[],"class_list":["post-2746","post","type-post","status-publish","format-standard","hentry","category-design"],"_links":{"self":[{"href":"http:\/\/www.kulturtechno.de\/index.php?rest_route=\/wp\/v2\/posts\/2746"}],"collection":[{"href":"http:\/\/www.kulturtechno.de\/index.php?rest_route=\/wp\/v2\/posts"}],"about":[{"href":"http:\/\/www.kulturtechno.de\/index.php?rest_route=\/wp\/v2\/types\/post"}],"author":[{"embeddable":true,"href":"http:\/\/www.kulturtechno.de\/index.php?rest_route=\/wp\/v2\/users\/1"}],"replies":[{"embeddable":true,"href":"http:\/\/www.kulturtechno.de\/index.php?rest_route=%2Fwp%2Fv2%2Fcomments&post=2746"}],"version-history":[{"count":1,"href":"http:\/\/www.kulturtechno.de\/index.php?rest_route=\/wp\/v2\/posts\/2746\/revisions"}],"predecessor-version":[{"id":2747,"href":"http:\/\/www.kulturtechno.de\/index.php?rest_route=\/wp\/v2\/posts\/2746\/revisions\/2747"}],"wp:attachment":[{"href":"http:\/\/www.kulturtechno.de\/index.php?rest_route=%2Fwp%2Fv2%2Fmedia&parent=2746"}],"wp:term":[{"taxonomy":"category","embeddable":true,"href":"http:\/\/www.kulturtechno.de\/index.php?rest_route=%2Fwp%2Fv2%2Fcategories&post=2746"},{"taxonomy":"post_tag","embeddable":true,"href":"http:\/\/www.kulturtechno.de\/index.php?rest_route=%2Fwp%2Fv2%2Ftags&post=2746"}],"curies":[{"name":"wp","href":"https:\/\/api.w.org\/{rel}","templated":true}]}}