{"id":27356,"date":"2026-01-26T05:02:00","date_gmt":"2026-01-26T03:02:00","guid":{"rendered":"https:\/\/www.kulturtechno.de\/?p=27356"},"modified":"2026-01-04T13:03:33","modified_gmt":"2026-01-04T11:03:33","slug":"hito-steyerl-erich-fromm-preis-2025-vortrag","status":"publish","type":"post","link":"http:\/\/www.kulturtechno.de\/?p=27356","title":{"rendered":"Hito Steyerl &#8211; Erich-Fromm-Preis 2025 Vortrag"},"content":{"rendered":"<p>So wie die Frankfurter Schule von Zweckrationalit\u00e4t sprach, haben wir heute eine Zweckirrationalit\u00e4t, und die Politik beansprucht f\u00fcr sich die Kunstfreiheit, jede absichtliche oder unabsichtliche Dummheit verlautbaren zu d\u00fcrfen.<\/p>\n<p><iframe loading=\"lazy\" width=\"500\" height=\"281\" src=\"https:\/\/www.youtube.com\/embed\/WvaSSHZaEv8?si=OY4ygQPK_FXEHIHD\" title=\"YouTube video player\" frameborder=\"0\" allow=\"accelerometer; autoplay; clipboard-write; encrypted-media; gyroscope; picture-in-picture; web-share\" referrerpolicy=\"strict-origin-when-cross-origin\" allowfullscreen><\/iframe><\/p>\n","protected":false},"excerpt":{"rendered":"<p>So wie die Frankfurter Schule von Zweckrationalit\u00e4t sprach, haben wir heute eine Zweckirrationalit\u00e4t, und die Politik beansprucht f\u00fcr sich die Kunstfreiheit, jede absichtliche oder unabsichtliche Dummheit verlautbaren zu d\u00fcrfen.<\/p>\n","protected":false},"author":1,"featured_media":0,"comment_status":"open","ping_status":"open","sticky":false,"template":"","format":"standard","meta":{"_links_to":"","_links_to_target":"","footnotes":""},"categories":[15],"tags":[],"class_list":["post-27356","post","type-post","status-publish","format-standard","hentry","category-kritik-der-reinen-vernunft"],"_links":{"self":[{"href":"http:\/\/www.kulturtechno.de\/index.php?rest_route=\/wp\/v2\/posts\/27356"}],"collection":[{"href":"http:\/\/www.kulturtechno.de\/index.php?rest_route=\/wp\/v2\/posts"}],"about":[{"href":"http:\/\/www.kulturtechno.de\/index.php?rest_route=\/wp\/v2\/types\/post"}],"author":[{"embeddable":true,"href":"http:\/\/www.kulturtechno.de\/index.php?rest_route=\/wp\/v2\/users\/1"}],"replies":[{"embeddable":true,"href":"http:\/\/www.kulturtechno.de\/index.php?rest_route=%2Fwp%2Fv2%2Fcomments&post=27356"}],"version-history":[{"count":1,"href":"http:\/\/www.kulturtechno.de\/index.php?rest_route=\/wp\/v2\/posts\/27356\/revisions"}],"predecessor-version":[{"id":27357,"href":"http:\/\/www.kulturtechno.de\/index.php?rest_route=\/wp\/v2\/posts\/27356\/revisions\/27357"}],"wp:attachment":[{"href":"http:\/\/www.kulturtechno.de\/index.php?rest_route=%2Fwp%2Fv2%2Fmedia&parent=27356"}],"wp:term":[{"taxonomy":"category","embeddable":true,"href":"http:\/\/www.kulturtechno.de\/index.php?rest_route=%2Fwp%2Fv2%2Fcategories&post=27356"},{"taxonomy":"post_tag","embeddable":true,"href":"http:\/\/www.kulturtechno.de\/index.php?rest_route=%2Fwp%2Fv2%2Ftags&post=27356"}],"curies":[{"name":"wp","href":"https:\/\/api.w.org\/{rel}","templated":true}]}}