{"id":26785,"date":"2025-03-26T05:18:00","date_gmt":"2025-03-26T03:18:00","guid":{"rendered":"http:\/\/www.kulturtechno.de\/?p=26785"},"modified":"2025-03-23T12:20:33","modified_gmt":"2025-03-23T10:20:33","slug":"avantgarde-bananas-im-buch","status":"publish","type":"post","link":"http:\/\/www.kulturtechno.de\/?p=26785","title":{"rendered":"Avantgarde Bananas im Buch"},"content":{"rendered":"<p>Das Sch\u00f6nberg-KI-Bild aus meinem B\u00fcchlein <a href=\"http:\/\/www.kreidler-net.de\/archiv\/2023\/kreidler__avantgarde_bananas.pdf\">Avantgarde Bananas<\/a> ist abgebildet in diesem j\u00fcngst erschienenen Buch-<\/p>\n<blockquote class=\"bluesky-embed\" data-bluesky-uri=\"at:\/\/did:plc:uhmcjgtozmq4oifehcalduo6\/app.bsky.feed.post\/3lky26u233k2e\" data-bluesky-cid=\"bafyreihhnrunz7ntley2c4b3vork33egqnnihrvoit4evwrz3znszckcsm\" data-bluesky-embed-color-mode=\"system\">\n<p lang=\"de\">From the book &#8222;The Personality of Power: A Theory of Fascism for Anti-Fascist Life&#8220; by Brian Massumi, Verso Books 2025<\/p>\n<p><a href=\"https:\/\/bsky.app\/profile\/did:plc:uhmcjgtozmq4oifehcalduo6\/post\/3lky26u233k2e?ref_src=embed\">[image or embed]<\/a><\/p>\n<p>\u2014 Johannes Kreidler (<a href=\"https:\/\/bsky.app\/profile\/did:plc:uhmcjgtozmq4oifehcalduo6?ref_src=embed\">@kreidler.bsky.social<\/a>) <a href=\"https:\/\/bsky.app\/profile\/did:plc:uhmcjgtozmq4oifehcalduo6\/post\/3lky26u233k2e?ref_src=embed\">22. M\u00e4rz 2025 um 16:29<\/a><\/p><\/blockquote>\n<p><script async src=\"https:\/\/embed.bsky.app\/static\/embed.js\" charset=\"utf-8\"><\/script><\/p>\n","protected":false},"excerpt":{"rendered":"<p>Das Sch\u00f6nberg-KI-Bild aus meinem B\u00fcchlein Avantgarde Bananas ist abgebildet in diesem j\u00fcngst erschienenen Buch- From the book &#8222;The Personality of Power: A Theory of Fascism for Anti-Fascist Life&#8220; by Brian Massumi, Verso Books 2025 [image or embed] \u2014 Johannes Kreidler (@kreidler.bsky.social) 22. M\u00e4rz 2025 um 16:29<\/p>\n","protected":false},"author":1,"featured_media":0,"comment_status":"open","ping_status":"open","sticky":false,"template":"","format":"standard","meta":{"_links_to":"","_links_to_target":"","footnotes":""},"categories":[3],"tags":[],"class_list":["post-26785","post","type-post","status-publish","format-standard","hentry","category-id"],"_links":{"self":[{"href":"http:\/\/www.kulturtechno.de\/index.php?rest_route=\/wp\/v2\/posts\/26785"}],"collection":[{"href":"http:\/\/www.kulturtechno.de\/index.php?rest_route=\/wp\/v2\/posts"}],"about":[{"href":"http:\/\/www.kulturtechno.de\/index.php?rest_route=\/wp\/v2\/types\/post"}],"author":[{"embeddable":true,"href":"http:\/\/www.kulturtechno.de\/index.php?rest_route=\/wp\/v2\/users\/1"}],"replies":[{"embeddable":true,"href":"http:\/\/www.kulturtechno.de\/index.php?rest_route=%2Fwp%2Fv2%2Fcomments&post=26785"}],"version-history":[{"count":1,"href":"http:\/\/www.kulturtechno.de\/index.php?rest_route=\/wp\/v2\/posts\/26785\/revisions"}],"predecessor-version":[{"id":26786,"href":"http:\/\/www.kulturtechno.de\/index.php?rest_route=\/wp\/v2\/posts\/26785\/revisions\/26786"}],"wp:attachment":[{"href":"http:\/\/www.kulturtechno.de\/index.php?rest_route=%2Fwp%2Fv2%2Fmedia&parent=26785"}],"wp:term":[{"taxonomy":"category","embeddable":true,"href":"http:\/\/www.kulturtechno.de\/index.php?rest_route=%2Fwp%2Fv2%2Fcategories&post=26785"},{"taxonomy":"post_tag","embeddable":true,"href":"http:\/\/www.kulturtechno.de\/index.php?rest_route=%2Fwp%2Fv2%2Ftags&post=26785"}],"curies":[{"name":"wp","href":"https:\/\/api.w.org\/{rel}","templated":true}]}}