{"id":2678,"date":"2010-01-01T00:01:10","date_gmt":"2009-12-31T22:01:10","guid":{"rendered":"http:\/\/www.kulturtechno.de\/?p=2678"},"modified":"2009-12-15T00:27:56","modified_gmt":"2009-12-14T22:27:56","slug":"zwanzig-zehn","status":"publish","type":"post","link":"http:\/\/www.kulturtechno.de\/?p=2678","title":{"rendered":"Kreidler @zwanzig zehn"},"content":{"rendered":"<p>Ich w\u00fcnsche euch ein neues Jahr!<\/p>\n<p>Pflichtveranstaltungen f\u00fcr alle Kulturtechnoleser 2010 so far:<\/p>\n<p>5.1.2010<br \/>\n<strong>Introducing: Johannes Kreidler<\/strong><br \/>\nPotr\u00e4tsendung von Michael Rebhahn \/ hr2-kultur und <a href=\"http:\/\/www.hr-online.de\/website\/radio\/hr2\/\">hr2-kultur.de<\/a>, 22h<\/p>\n<p>Ostern 2010<br \/>\n<strong>Music for a solo European<\/strong><span style=\"font-weight: bold;\"><br \/>\n<\/span> Kammerensemble Neue Musik Berlin \/ Radialsystem V &#8222;Neue Musik und Wellness&#8220;<\/p>\n<p>26.6.2010<br \/>\n<strong>In hyper intervals<\/strong><br \/>\nWhat&#8217;s next Festival, Br\u00fcssel \/ Nadar Ensemble, Daan Janssens Ltg.<\/p>\n<p>Juli 2010<br \/>\n<strong>In hyper intervals<\/strong><br \/>\nDarmst\u00e4dter Ferienkurse f\u00fcr Neue Musik \/ Nadar Ensemble, Daan Janssens Ltg.<\/p>\n<p>18.\/24.\/26.9.2010<br \/>\n<strong>Feeds. H\u00f6ren TV<\/strong><br \/>\nMusiktheater. \/ Musiktheater im Revier (MiR) Gelsenkirchen und als Web-TV-Show.<\/p>\n<p>Oktober 2010<br \/>\n<strong>Arbeitsmarktplatz Esslingen &#8211; Musik f\u00fcr alle, Vermittlung vermittelt. Trag\u00f6die des H\u00f6rens, erste Roboterdemonstration.<\/strong><br \/>\nHappening im Rahmen von &#8222;Zukunftsmusik&#8220; \/ Vor dem Jobcenter Esslingen mit Musiksch\u00fclern aus Esslingen<\/p>\n<p>[ad#ad2]<\/p>\n","protected":false},"excerpt":{"rendered":"<p>Ich w\u00fcnsche euch ein neues Jahr! Pflichtveranstaltungen f\u00fcr alle Kulturtechnoleser 2010 so far: 5.1.2010 Introducing: Johannes Kreidler Potr\u00e4tsendung von Michael Rebhahn \/ hr2-kultur und hr2-kultur.de, 22h Ostern 2010 Music for a solo European Kammerensemble Neue Musik Berlin \/ Radialsystem V &#8222;Neue Musik und Wellness&#8220; 26.6.2010 In hyper intervals What&#8217;s next Festival, Br\u00fcssel \/ Nadar Ensemble, [&hellip;]<\/p>\n","protected":false},"author":1,"featured_media":0,"comment_status":"open","ping_status":"open","sticky":false,"template":"","format":"standard","meta":{"_links_to":"","_links_to_target":"","footnotes":""},"categories":[3],"tags":[],"class_list":["post-2678","post","type-post","status-publish","format-standard","hentry","category-id"],"_links":{"self":[{"href":"http:\/\/www.kulturtechno.de\/index.php?rest_route=\/wp\/v2\/posts\/2678"}],"collection":[{"href":"http:\/\/www.kulturtechno.de\/index.php?rest_route=\/wp\/v2\/posts"}],"about":[{"href":"http:\/\/www.kulturtechno.de\/index.php?rest_route=\/wp\/v2\/types\/post"}],"author":[{"embeddable":true,"href":"http:\/\/www.kulturtechno.de\/index.php?rest_route=\/wp\/v2\/users\/1"}],"replies":[{"embeddable":true,"href":"http:\/\/www.kulturtechno.de\/index.php?rest_route=%2Fwp%2Fv2%2Fcomments&post=2678"}],"version-history":[{"count":2,"href":"http:\/\/www.kulturtechno.de\/index.php?rest_route=\/wp\/v2\/posts\/2678\/revisions"}],"predecessor-version":[{"id":2680,"href":"http:\/\/www.kulturtechno.de\/index.php?rest_route=\/wp\/v2\/posts\/2678\/revisions\/2680"}],"wp:attachment":[{"href":"http:\/\/www.kulturtechno.de\/index.php?rest_route=%2Fwp%2Fv2%2Fmedia&parent=2678"}],"wp:term":[{"taxonomy":"category","embeddable":true,"href":"http:\/\/www.kulturtechno.de\/index.php?rest_route=%2Fwp%2Fv2%2Fcategories&post=2678"},{"taxonomy":"post_tag","embeddable":true,"href":"http:\/\/www.kulturtechno.de\/index.php?rest_route=%2Fwp%2Fv2%2Ftags&post=2678"}],"curies":[{"name":"wp","href":"https:\/\/api.w.org\/{rel}","templated":true}]}}