{"id":26771,"date":"2025-03-19T05:39:00","date_gmt":"2025-03-19T03:39:00","guid":{"rendered":"http:\/\/www.kulturtechno.de\/?p=26771"},"modified":"2025-03-16T10:40:47","modified_gmt":"2025-03-16T08:40:47","slug":"kreidler-portrait-deutschlandfunk-kultur","status":"publish","type":"post","link":"http:\/\/www.kulturtechno.de\/?p=26771","title":{"rendered":"Kreidler Portrait @Deutschlandfunk Kultur"},"content":{"rendered":"<p>Michael Rebhahn hat f\u00fcr Deutschlandfunk Kultur eine sch\u00f6ne bunte Sendung \u00fcber mich gemacht mit besonderem Akzent auf die Arbeit als Kompositionslehrer. H\u00f6rt ihr an, wissta Bescheid. &#x1f913;<\/p>\n<p><a href=\"https:\/\/www.deutschlandfunkkultur.de\/werde-was-du-bist-johannes-kreidlers-ideal-eines-gegenwaertigen-komponierens-100.html?fbclid=IwZXh0bgNhZW0CMTAAAR1sYRw2lRor8YTDRdBHxN2CxfBKcseTNG5wq_cwHRUTyLhZ-Eyjsa4GPkI_aem_XqwGacylbO37-CB00FopBw\">https:\/\/www.deutschlandfunkkultur.de\/werde-was-du-bist-johannes-kreidlers-ideal-eines-gegenwaertigen-komponierens-100.html?fbclid=IwZXh0bgNhZW0CMTAAAR1sYRw2lRor8YTDRdBHxN2CxfBKcseTNG5wq_cwHRUTyLhZ-Eyjsa4GPkI_aem_XqwGacylbO37-CB00FopBw<\/a><\/p>\n<p>https:\/\/www.deutschlandfunkkultur.de\/werde-was-du-bist-johannes-kreidlers-ideal-eines-gegenwaertigen-komponierens-100.html?fbclid=IwZXh0bgNhZW0CMTAAAR1sYRw2lRor8YTDRdBHxN2CxfBKcseTNG5wq_cwHRUTyLhZ-Eyjsa4GPkI_aem_XqwGacylbO37-CB00FopBw<\/p>\n","protected":false},"excerpt":{"rendered":"<p>Michael Rebhahn hat f\u00fcr Deutschlandfunk Kultur eine sch\u00f6ne bunte Sendung \u00fcber mich gemacht mit besonderem Akzent auf die Arbeit als Kompositionslehrer. H\u00f6rt ihr an, wissta Bescheid. &#x1f913; https:\/\/www.deutschlandfunkkultur.de\/werde-was-du-bist-johannes-kreidlers-ideal-eines-gegenwaertigen-komponierens-100.html?fbclid=IwZXh0bgNhZW0CMTAAAR1sYRw2lRor8YTDRdBHxN2CxfBKcseTNG5wq_cwHRUTyLhZ-Eyjsa4GPkI_aem_XqwGacylbO37-CB00FopBw https:\/\/www.deutschlandfunkkultur.de\/werde-was-du-bist-johannes-kreidlers-ideal-eines-gegenwaertigen-komponierens-100.html?fbclid=IwZXh0bgNhZW0CMTAAAR1sYRw2lRor8YTDRdBHxN2CxfBKcseTNG5wq_cwHRUTyLhZ-Eyjsa4GPkI_aem_XqwGacylbO37-CB00FopBw<\/p>\n","protected":false},"author":1,"featured_media":0,"comment_status":"open","ping_status":"open","sticky":false,"template":"","format":"standard","meta":{"_links_to":"","_links_to_target":"","footnotes":""},"categories":[3],"tags":[],"class_list":["post-26771","post","type-post","status-publish","format-standard","hentry","category-id"],"_links":{"self":[{"href":"http:\/\/www.kulturtechno.de\/index.php?rest_route=\/wp\/v2\/posts\/26771"}],"collection":[{"href":"http:\/\/www.kulturtechno.de\/index.php?rest_route=\/wp\/v2\/posts"}],"about":[{"href":"http:\/\/www.kulturtechno.de\/index.php?rest_route=\/wp\/v2\/types\/post"}],"author":[{"embeddable":true,"href":"http:\/\/www.kulturtechno.de\/index.php?rest_route=\/wp\/v2\/users\/1"}],"replies":[{"embeddable":true,"href":"http:\/\/www.kulturtechno.de\/index.php?rest_route=%2Fwp%2Fv2%2Fcomments&post=26771"}],"version-history":[{"count":1,"href":"http:\/\/www.kulturtechno.de\/index.php?rest_route=\/wp\/v2\/posts\/26771\/revisions"}],"predecessor-version":[{"id":26772,"href":"http:\/\/www.kulturtechno.de\/index.php?rest_route=\/wp\/v2\/posts\/26771\/revisions\/26772"}],"wp:attachment":[{"href":"http:\/\/www.kulturtechno.de\/index.php?rest_route=%2Fwp%2Fv2%2Fmedia&parent=26771"}],"wp:term":[{"taxonomy":"category","embeddable":true,"href":"http:\/\/www.kulturtechno.de\/index.php?rest_route=%2Fwp%2Fv2%2Fcategories&post=26771"},{"taxonomy":"post_tag","embeddable":true,"href":"http:\/\/www.kulturtechno.de\/index.php?rest_route=%2Fwp%2Fv2%2Ftags&post=26771"}],"curies":[{"name":"wp","href":"https:\/\/api.w.org\/{rel}","templated":true}]}}