{"id":26463,"date":"2024-10-22T05:38:00","date_gmt":"2024-10-22T03:38:00","guid":{"rendered":"http:\/\/www.kulturtechno.de\/?p=26463"},"modified":"2024-10-20T18:40:07","modified_gmt":"2024-10-20T16:40:07","slug":"mein-sunset-im-jahrbuch-musik-in-baden-wuerttemberg","status":"publish","type":"post","link":"http:\/\/www.kulturtechno.de\/?p=26463","title":{"rendered":"Mein &#8222;Sunset&#8220; im Jahrbuch Musik in Baden-W\u00fcrttemberg"},"content":{"rendered":"<p>In einem Text von Ute Becker \u00fcber die Ausstellung &#8222;Musik aufs Auge&#8220; in der W\u00fcrttembergischen Landesbibliothek Stuttgart, letzten Winter.<\/p>\n<blockquote class=\"bluesky-embed\" data-bluesky-uri=\"at:\/\/did:plc:uhmcjgtozmq4oifehcalduo6\/app.bsky.feed.post\/3l6pmx7bu6b2q\" data-bluesky-cid=\"bafyreicog5g3a3kbg4abyh6724utrafbenqhmtczf5eqdvswhwzd7yn4lq\">\n<p lang=\"de\">My image &quot;Sunset&quot; in the Jahrbuch Musik in Baden-W\u00fcrttemberg, text from Ute Becker about the exhibition &quot;Musik aufs Auge&quot; at Landesbibliothek Stuttgart.<\/p>\n<p><a href=\"https:\/\/bsky.app\/profile\/did:plc:uhmcjgtozmq4oifehcalduo6\/post\/3l6pmx7bu6b2q?ref_src=embed\">[image or embed]<\/a><\/p>\n<p>&mdash; Johannes Kreidler (<a href=\"https:\/\/bsky.app\/profile\/did:plc:uhmcjgtozmq4oifehcalduo6?ref_src=embed\">@kreidler.bsky.social<\/a>) <a href=\"https:\/\/bsky.app\/profile\/did:plc:uhmcjgtozmq4oifehcalduo6\/post\/3l6pmx7bu6b2q?ref_src=embed\">17. Oktober 2024 um 16:08<\/a><\/p><\/blockquote>\n<p><script async src=\"https:\/\/embed.bsky.app\/static\/embed.js\" charset=\"utf-8\"><\/script><\/p>\n","protected":false},"excerpt":{"rendered":"<p>In einem Text von Ute Becker \u00fcber die Ausstellung &#8222;Musik aufs Auge&#8220; in der W\u00fcrttembergischen Landesbibliothek Stuttgart, letzten Winter. My image &quot;Sunset&quot; in the Jahrbuch Musik in Baden-W\u00fcrttemberg, text from Ute Becker about the exhibition &quot;Musik aufs Auge&quot; at Landesbibliothek Stuttgart. [image or embed] &mdash; Johannes Kreidler (@kreidler.bsky.social) 17. Oktober 2024 um 16:08<\/p>\n","protected":false},"author":1,"featured_media":0,"comment_status":"open","ping_status":"open","sticky":false,"template":"","format":"standard","meta":{"_links_to":"","_links_to_target":"","footnotes":""},"categories":[3],"tags":[],"class_list":["post-26463","post","type-post","status-publish","format-standard","hentry","category-id"],"_links":{"self":[{"href":"http:\/\/www.kulturtechno.de\/index.php?rest_route=\/wp\/v2\/posts\/26463"}],"collection":[{"href":"http:\/\/www.kulturtechno.de\/index.php?rest_route=\/wp\/v2\/posts"}],"about":[{"href":"http:\/\/www.kulturtechno.de\/index.php?rest_route=\/wp\/v2\/types\/post"}],"author":[{"embeddable":true,"href":"http:\/\/www.kulturtechno.de\/index.php?rest_route=\/wp\/v2\/users\/1"}],"replies":[{"embeddable":true,"href":"http:\/\/www.kulturtechno.de\/index.php?rest_route=%2Fwp%2Fv2%2Fcomments&post=26463"}],"version-history":[{"count":1,"href":"http:\/\/www.kulturtechno.de\/index.php?rest_route=\/wp\/v2\/posts\/26463\/revisions"}],"predecessor-version":[{"id":26464,"href":"http:\/\/www.kulturtechno.de\/index.php?rest_route=\/wp\/v2\/posts\/26463\/revisions\/26464"}],"wp:attachment":[{"href":"http:\/\/www.kulturtechno.de\/index.php?rest_route=%2Fwp%2Fv2%2Fmedia&parent=26463"}],"wp:term":[{"taxonomy":"category","embeddable":true,"href":"http:\/\/www.kulturtechno.de\/index.php?rest_route=%2Fwp%2Fv2%2Fcategories&post=26463"},{"taxonomy":"post_tag","embeddable":true,"href":"http:\/\/www.kulturtechno.de\/index.php?rest_route=%2Fwp%2Fv2%2Ftags&post=26463"}],"curies":[{"name":"wp","href":"https:\/\/api.w.org\/{rel}","templated":true}]}}