{"id":26456,"date":"2024-10-15T09:02:07","date_gmt":"2024-10-15T07:02:07","guid":{"rendered":"http:\/\/www.kulturtechno.de\/?p=26456"},"modified":"2024-10-15T09:20:10","modified_gmt":"2024-10-15T07:20:10","slug":"mathias-spahlinger-zum-3171941zigsten","status":"publish","type":"post","link":"http:\/\/www.kulturtechno.de\/?p=26456","title":{"rendered":"Mathias Spahlinger zum 3+17+19+41zigsten"},"content":{"rendered":"<p>Mein Meister,<br \/>\njetzt biste 80, ich begl\u00fcckw\u00fcnsche dich, das allein ist 1 Leistung &#038; Vor-Bild, aber deine wahren Jubil\u00e4en sind ja die Primzahlen, also auf zu 83, 89, 97 etc. Nun ist 80 halt auch eine Zahl \u2013 mit meinen eigenen wenigeren, aber unvermaledeitlich auch sich anh\u00e4ufenden Primzahlfeiern f\u00e4llt mir erst wieder auf, was von 5 Jahren Stahlfinger (2000-2006 mit 1 Jahr Ausscheren) h\u00e4ngengeblieben ist, von den meisten LehrerInnen sind es am Ende, nach den Jahren ab-Stand 1, wenns hochkommt 3 S\u00e4tze die wichtig geworden waren, bei dir sinds mir mehr als H\u00e4ndefinger z\u00e4hlen k\u00f6nnen. Mir ist erst hernach aufgegangen, dass die Marx\u2019sche Warenwerttheorie auch eine \u00e4sthetische Theorie ist, was an Zeit &#038; Denkkraft im Kunstding eingespeichert ist ist kaum zu ermessen (auch Marx scheitert daran), und was in dir und deiner Arbeit aufgehoben ist, wird sich gleichfalls kaum je erschlie\u00dfen. Dich interessiert Zukunft mehr als Herkunft und die Jugend mehr als die Alten, also was solls die runden und abgerundeten Eckzahlen, Dezennien 30-90-80, ich verz\u00e4hle mich, muss jetzt noch Hegel und H\u00f6lderlin unterbringen, ich bin mir sicher, deine eigene Biographie ist eine des Fortschritts: des Bewusstseins von Freiheit, zwar gl\u00e4nzt ein Weniges heute nur herunter aber du tust das Deinige und nun heb\u2018 dies Alter auf: Alt ist jung, und jung ist alt, gegen Unendlich, Guru, ich w\u00fcnsche dir weiter weitere Freiheit.<br \/>\nDein Johannes<\/p>\n<blockquote class=\"bluesky-embed\" data-bluesky-uri=\"at:\/\/did:plc:uhmcjgtozmq4oifehcalduo6\/app.bsky.feed.post\/3l6ju6vufwu2h\" data-bluesky-cid=\"bafyreib5sg4a2urbim5h7fsin77zbme2cihpik53nrhx2tspma7shtvaby\">\n<p lang=\"de\">Mathias Spahlinger zum 3+17+19+41zigsten<br \/>\nwww.kulturtechno.de?p=26456<\/p>\n<p><a href=\"https:\/\/bsky.app\/profile\/did:plc:uhmcjgtozmq4oifehcalduo6\/post\/3l6ju6vufwu2h?ref_src=embed\">[image or embed]<\/a><\/p>\n<p>&mdash; Johannes Kreidler (<a href=\"https:\/\/bsky.app\/profile\/did:plc:uhmcjgtozmq4oifehcalduo6?ref_src=embed\">@kreidler.bsky.social<\/a>) <a href=\"https:\/\/bsky.app\/profile\/did:plc:uhmcjgtozmq4oifehcalduo6\/post\/3l6ju6vufwu2h?ref_src=embed\">15. Oktober 2024 um 09:02<\/a><\/p><\/blockquote>\n<p><script async src=\"https:\/\/embed.bsky.app\/static\/embed.js\" charset=\"utf-8\"><\/script><\/p>\n","protected":false},"excerpt":{"rendered":"<p>Mein Meister, jetzt biste 80, ich begl\u00fcckw\u00fcnsche dich, das allein ist 1 Leistung &#038; Vor-Bild, aber deine wahren Jubil\u00e4en sind ja die Primzahlen, also auf zu 83, 89, 97 etc. Nun ist 80 halt auch eine Zahl \u2013 mit meinen eigenen wenigeren, aber unvermaledeitlich auch sich anh\u00e4ufenden Primzahlfeiern f\u00e4llt mir erst wieder auf, was von [&hellip;]<\/p>\n","protected":false},"author":1,"featured_media":0,"comment_status":"open","ping_status":"open","sticky":false,"template":"","format":"standard","meta":{"_links_to":"","_links_to_target":"","footnotes":""},"categories":[3],"tags":[],"class_list":["post-26456","post","type-post","status-publish","format-standard","hentry","category-id"],"_links":{"self":[{"href":"http:\/\/www.kulturtechno.de\/index.php?rest_route=\/wp\/v2\/posts\/26456"}],"collection":[{"href":"http:\/\/www.kulturtechno.de\/index.php?rest_route=\/wp\/v2\/posts"}],"about":[{"href":"http:\/\/www.kulturtechno.de\/index.php?rest_route=\/wp\/v2\/types\/post"}],"author":[{"embeddable":true,"href":"http:\/\/www.kulturtechno.de\/index.php?rest_route=\/wp\/v2\/users\/1"}],"replies":[{"embeddable":true,"href":"http:\/\/www.kulturtechno.de\/index.php?rest_route=%2Fwp%2Fv2%2Fcomments&post=26456"}],"version-history":[{"count":3,"href":"http:\/\/www.kulturtechno.de\/index.php?rest_route=\/wp\/v2\/posts\/26456\/revisions"}],"predecessor-version":[{"id":26459,"href":"http:\/\/www.kulturtechno.de\/index.php?rest_route=\/wp\/v2\/posts\/26456\/revisions\/26459"}],"wp:attachment":[{"href":"http:\/\/www.kulturtechno.de\/index.php?rest_route=%2Fwp%2Fv2%2Fmedia&parent=26456"}],"wp:term":[{"taxonomy":"category","embeddable":true,"href":"http:\/\/www.kulturtechno.de\/index.php?rest_route=%2Fwp%2Fv2%2Fcategories&post=26456"},{"taxonomy":"post_tag","embeddable":true,"href":"http:\/\/www.kulturtechno.de\/index.php?rest_route=%2Fwp%2Fv2%2Ftags&post=26456"}],"curies":[{"name":"wp","href":"https:\/\/api.w.org\/{rel}","templated":true}]}}