{"id":2641,"date":"2009-12-17T08:21:24","date_gmt":"2009-12-17T06:21:24","guid":{"rendered":"http:\/\/www.kulturtechno.de\/?p=2641"},"modified":"2009-12-14T23:25:54","modified_gmt":"2009-12-14T21:25:54","slug":"die-feeds-buhne","status":"publish","type":"post","link":"http:\/\/www.kulturtechno.de\/?p=2641","title":{"rendered":"Die Feeds-B\u00fchne"},"content":{"rendered":"<p><a href=\"http:\/\/www.kulturtechno.de\/images\/feeds-modellfoto.jpg\" rel=\"lightbox[2641]\"><img loading=\"lazy\" decoding=\"async\" alt=\"\" src=\"http:\/\/www.kulturtechno.de\/images\/feeds-modellfoto.jpg\" class=\"alignnone\" width=\"500\" height=\"200\" \/><\/a><\/p>\n<p>Mein n\u00e4chstj\u00e4hriges Musiktheater &#8222;Feeds. H\u00f6ren TV&#8220; nimmt Gestalt an. Die B\u00fchnenbildnerin <a href=\"http:\/\/www.ruhrtriennale.de\/de\/presse\/kuenstler\/justyna-jaszczuk\/\">Justyna Jaszczuk<\/a> hat ein hervorragendes Fernsehstudio entworfen.<\/p>\n","protected":false},"excerpt":{"rendered":"<p>Mein n\u00e4chstj\u00e4hriges Musiktheater &#8222;Feeds. H\u00f6ren TV&#8220; nimmt Gestalt an. Die B\u00fchnenbildnerin Justyna Jaszczuk hat ein hervorragendes Fernsehstudio entworfen.<\/p>\n","protected":false},"author":1,"featured_media":0,"comment_status":"open","ping_status":"open","sticky":false,"template":"","format":"standard","meta":{"_links_to":"","_links_to_target":"","footnotes":""},"categories":[3],"tags":[],"class_list":["post-2641","post","type-post","status-publish","format-standard","hentry","category-id"],"_links":{"self":[{"href":"http:\/\/www.kulturtechno.de\/index.php?rest_route=\/wp\/v2\/posts\/2641"}],"collection":[{"href":"http:\/\/www.kulturtechno.de\/index.php?rest_route=\/wp\/v2\/posts"}],"about":[{"href":"http:\/\/www.kulturtechno.de\/index.php?rest_route=\/wp\/v2\/types\/post"}],"author":[{"embeddable":true,"href":"http:\/\/www.kulturtechno.de\/index.php?rest_route=\/wp\/v2\/users\/1"}],"replies":[{"embeddable":true,"href":"http:\/\/www.kulturtechno.de\/index.php?rest_route=%2Fwp%2Fv2%2Fcomments&post=2641"}],"version-history":[{"count":1,"href":"http:\/\/www.kulturtechno.de\/index.php?rest_route=\/wp\/v2\/posts\/2641\/revisions"}],"predecessor-version":[{"id":2642,"href":"http:\/\/www.kulturtechno.de\/index.php?rest_route=\/wp\/v2\/posts\/2641\/revisions\/2642"}],"wp:attachment":[{"href":"http:\/\/www.kulturtechno.de\/index.php?rest_route=%2Fwp%2Fv2%2Fmedia&parent=2641"}],"wp:term":[{"taxonomy":"category","embeddable":true,"href":"http:\/\/www.kulturtechno.de\/index.php?rest_route=%2Fwp%2Fv2%2Fcategories&post=2641"},{"taxonomy":"post_tag","embeddable":true,"href":"http:\/\/www.kulturtechno.de\/index.php?rest_route=%2Fwp%2Fv2%2Ftags&post=2641"}],"curies":[{"name":"wp","href":"https:\/\/api.w.org\/{rel}","templated":true}]}}