{"id":2627,"date":"2009-12-11T12:10:11","date_gmt":"2009-12-11T10:10:11","guid":{"rendered":"http:\/\/www.kulturtechno.de\/?p=2627"},"modified":"2009-12-18T13:42:04","modified_gmt":"2009-12-18T11:42:04","slug":"tageslink-41","status":"publish","type":"post","link":"http:\/\/www.kulturtechno.de\/?p=2627","title":{"rendered":"Tageslink"},"content":{"rendered":"<p>Die E\u00dflinger Zeitung k\u00fcndigt das Festival &#8222;Zukunftsmusik&#8220; an, bei dem ich im Oktober 2010 das Happening<\/p>\n<p><strong>Arbeitsmarktplatz Esslingen &#8211; Musik f\u00fcr alle, Vermittlung vermittelt. Trag\u00f6die des H\u00f6rens, erste Roboterdemonstration.<\/strong><\/p>\n<p>durchf\u00fchren werde:<\/p>\n<p><a href=\"http:\/\/www.ez-online.de\/lokal\/kultur\/schaufenster\/Artikel499725.cfm\">http:\/\/www.ez-online.de\/lokal\/kultur\/schaufenster\/Artikel499725.cfm<\/a><\/p>\n<p>auch die Schw\u00e4bische Post <a href=\"http:\/\/www.schwaebische-post.de\/459860\/\">schreibt<\/a> \u00fcber das Festival.<\/p>\n<p>[ad#ad2]<\/p>\n","protected":false},"excerpt":{"rendered":"<p>Die E\u00dflinger Zeitung k\u00fcndigt das Festival &#8222;Zukunftsmusik&#8220; an, bei dem ich im Oktober 2010 das Happening Arbeitsmarktplatz Esslingen &#8211; Musik f\u00fcr alle, Vermittlung vermittelt. Trag\u00f6die des H\u00f6rens, erste Roboterdemonstration. durchf\u00fchren werde: http:\/\/www.ez-online.de\/lokal\/kultur\/schaufenster\/Artikel499725.cfm auch die Schw\u00e4bische Post schreibt \u00fcber das Festival. [ad#ad2]<\/p>\n","protected":false},"author":1,"featured_media":0,"comment_status":"open","ping_status":"open","sticky":false,"template":"","format":"standard","meta":{"_links_to":"","_links_to_target":"","footnotes":""},"categories":[3],"tags":[],"class_list":["post-2627","post","type-post","status-publish","format-standard","hentry","category-id"],"_links":{"self":[{"href":"http:\/\/www.kulturtechno.de\/index.php?rest_route=\/wp\/v2\/posts\/2627"}],"collection":[{"href":"http:\/\/www.kulturtechno.de\/index.php?rest_route=\/wp\/v2\/posts"}],"about":[{"href":"http:\/\/www.kulturtechno.de\/index.php?rest_route=\/wp\/v2\/types\/post"}],"author":[{"embeddable":true,"href":"http:\/\/www.kulturtechno.de\/index.php?rest_route=\/wp\/v2\/users\/1"}],"replies":[{"embeddable":true,"href":"http:\/\/www.kulturtechno.de\/index.php?rest_route=%2Fwp%2Fv2%2Fcomments&post=2627"}],"version-history":[{"count":2,"href":"http:\/\/www.kulturtechno.de\/index.php?rest_route=\/wp\/v2\/posts\/2627\/revisions"}],"predecessor-version":[{"id":2692,"href":"http:\/\/www.kulturtechno.de\/index.php?rest_route=\/wp\/v2\/posts\/2627\/revisions\/2692"}],"wp:attachment":[{"href":"http:\/\/www.kulturtechno.de\/index.php?rest_route=%2Fwp%2Fv2%2Fmedia&parent=2627"}],"wp:term":[{"taxonomy":"category","embeddable":true,"href":"http:\/\/www.kulturtechno.de\/index.php?rest_route=%2Fwp%2Fv2%2Fcategories&post=2627"},{"taxonomy":"post_tag","embeddable":true,"href":"http:\/\/www.kulturtechno.de\/index.php?rest_route=%2Fwp%2Fv2%2Ftags&post=2627"}],"curies":[{"name":"wp","href":"https:\/\/api.w.org\/{rel}","templated":true}]}}