{"id":2590,"date":"2009-12-01T01:24:59","date_gmt":"2009-11-30T23:24:59","guid":{"rendered":"http:\/\/www.kulturtechno.de\/?p=2590"},"modified":"2009-12-01T01:26:13","modified_gmt":"2009-11-30T23:26:13","slug":"doppel","status":"publish","type":"post","link":"http:\/\/www.kulturtechno.de\/?p=2590","title":{"rendered":"Doppel"},"content":{"rendered":"<p><a href=\"http:\/\/www.michael-beil.com\/\">Michael Beil<\/a> ist ein hervorragender und h\u00f6chst eigenst\u00e4ndiger Vertreter von der Tendenz, die ich im Vortrag <a href=\"http:\/\/www.kreidler-net.de\/theorie\/soundfilesimkonzertsaal.htm\">Soundfiles im Konzertsaal<\/a> beschrieben habe: Die Reproduktion von Musik kehrt wieder in den Konzertsaal ein.<\/p>\n<p>Jetzt gibt es sein neuestes St\u00fcck auf YouTube, &#8222;Doppel&#8220; f\u00fcr zwei Fl\u00fcgel mit Live-Audio und Live-Video. (G\u00f6tz Schumacher und Andreas Grau, Klaviere. Michael Beil Live-Audio und Live-Video.)<\/p>\n<p><object width=\"560\" height=\"340\"><param name=\"movie\" value=\"http:\/\/www.youtube.com\/v\/JJK8DMbsqoI&#038;hl=en_US&#038;fs=1&#038;\"><\/param><param name=\"allowFullScreen\" value=\"true\"><\/param><param name=\"allowscriptaccess\" value=\"always\"><\/param><embed src=\"http:\/\/www.youtube.com\/v\/JJK8DMbsqoI&#038;hl=en_US&#038;fs=1&#038;\" type=\"application\/x-shockwave-flash\" allowscriptaccess=\"always\" allowfullscreen=\"true\" width=\"500\" height=\"300\"><\/embed><\/object><\/p>\n<p><object width=\"560\" height=\"340\"><param name=\"movie\" value=\"http:\/\/www.youtube.com\/v\/MRMyumfluPM&#038;hl=en_US&#038;fs=1&#038;\"><\/param><param name=\"allowFullScreen\" value=\"true\"><\/param><param name=\"allowscriptaccess\" value=\"always\"><\/param><embed src=\"http:\/\/www.youtube.com\/v\/MRMyumfluPM&#038;hl=en_US&#038;fs=1&#038;\" type=\"application\/x-shockwave-flash\" allowscriptaccess=\"always\" allowfullscreen=\"true\" width=\"500\" height=\"300\"><\/embed><\/object><\/p>\n<p>Sch\u00f6n daran, dass nicht nur live gesampelt wird, sondern die Noten selber schon quasi Samples aus der Musikgeschichte sind. Dazu die Video-Dopplung und spiegelbildliche Anlage, visuell wie auch formal &#8211; great!<\/p>\n<p>Au\u00dferdem empfehle ich noch sein Musiktheater <a href=\"http:\/\/www.youtube.com\/watch?v=pvO_0n3MChY\">Branng!<\/a> mit der wunderbaren Idee, einen Counter mit dem Gesamtbudget f\u00fcr das Projekt runterz\u00e4hlen zu lassen.<\/p>\n<p>[ad#ad2]<\/p>\n","protected":false},"excerpt":{"rendered":"<p>Michael Beil ist ein hervorragender und h\u00f6chst eigenst\u00e4ndiger Vertreter von der Tendenz, die ich im Vortrag Soundfiles im Konzertsaal beschrieben habe: Die Reproduktion von Musik kehrt wieder in den Konzertsaal ein. Jetzt gibt es sein neuestes St\u00fcck auf YouTube, &#8222;Doppel&#8220; f\u00fcr zwei Fl\u00fcgel mit Live-Audio und Live-Video. (G\u00f6tz Schumacher und Andreas Grau, Klaviere. Michael Beil [&hellip;]<\/p>\n","protected":false},"author":1,"featured_media":0,"comment_status":"open","ping_status":"open","sticky":false,"template":"","format":"standard","meta":{"_links_to":"","_links_to_target":"","footnotes":""},"categories":[4],"tags":[],"class_list":["post-2590","post","type-post","status-publish","format-standard","hentry","category-museum"],"_links":{"self":[{"href":"http:\/\/www.kulturtechno.de\/index.php?rest_route=\/wp\/v2\/posts\/2590"}],"collection":[{"href":"http:\/\/www.kulturtechno.de\/index.php?rest_route=\/wp\/v2\/posts"}],"about":[{"href":"http:\/\/www.kulturtechno.de\/index.php?rest_route=\/wp\/v2\/types\/post"}],"author":[{"embeddable":true,"href":"http:\/\/www.kulturtechno.de\/index.php?rest_route=\/wp\/v2\/users\/1"}],"replies":[{"embeddable":true,"href":"http:\/\/www.kulturtechno.de\/index.php?rest_route=%2Fwp%2Fv2%2Fcomments&post=2590"}],"version-history":[{"count":2,"href":"http:\/\/www.kulturtechno.de\/index.php?rest_route=\/wp\/v2\/posts\/2590\/revisions"}],"predecessor-version":[{"id":2592,"href":"http:\/\/www.kulturtechno.de\/index.php?rest_route=\/wp\/v2\/posts\/2590\/revisions\/2592"}],"wp:attachment":[{"href":"http:\/\/www.kulturtechno.de\/index.php?rest_route=%2Fwp%2Fv2%2Fmedia&parent=2590"}],"wp:term":[{"taxonomy":"category","embeddable":true,"href":"http:\/\/www.kulturtechno.de\/index.php?rest_route=%2Fwp%2Fv2%2Fcategories&post=2590"},{"taxonomy":"post_tag","embeddable":true,"href":"http:\/\/www.kulturtechno.de\/index.php?rest_route=%2Fwp%2Fv2%2Ftags&post=2590"}],"curies":[{"name":"wp","href":"https:\/\/api.w.org\/{rel}","templated":true}]}}