{"id":25646,"date":"2023-11-16T05:59:21","date_gmt":"2023-11-16T03:59:21","guid":{"rendered":"http:\/\/www.kulturtechno.de\/?p=25646"},"modified":"2023-11-12T14:10:27","modified_gmt":"2023-11-12T12:10:27","slug":"nicht-nur-aus-aktuellem-anlass","status":"publish","type":"post","link":"http:\/\/www.kulturtechno.de\/?p=25646","title":{"rendered":"Nicht nur aus aktuellem Anlass"},"content":{"rendered":"<p>&#8230;ist mal wieder Religionskritik f\u00e4llig. Es ist wieder Zeit, dass man den Nietzsche macht.<br \/>\nEin Zusammentrag etlicher Skeets von mir auf Bluesky.<\/p>\n<p>\u201eReligion gilt dem gemeinen Manne als wahr, dem Weisen als falsch und dem Herrschenden als n\u00fctzlich.\u201c \u2014  Seneca<\/p>\n<p>Ich wei\u00df die L\u00f6sung f\u00fcr den Nahostkonflikt: S\u00e4kularisierung. Religion ist ein Problem wie Hunger. Die Menschen leiden an Religion. Religion ist wie Analphabetismus. Religion ist wie eine heimt\u00fcckische Seuche. Wer Religion hat, braucht Mitleid und Ausstiegshilfe.<\/p>\n<p>F\u00fcr mehr solcher Formulierungen:<br \/>\n-&#8222;ist in die F\u00e4nge von Religionsideologie gekommen&#8220;<br \/>\n-&#8222;Verschw\u00f6rungsmythen und Religionserz\u00e4hlungen&#8220;<br \/>\n-&#8222;m\u00fcssen entschiedener Analphabetismus und Religion bek\u00e4mpfen&#8220;<br \/>\n-&#8222;wurde gegen ihren Willen religi\u00f6s erzogen&#8220;<br \/>\n-statt &#8222;Sektenbeauftragte&#8220;: &#8222;Religionsbeauftragte&#8220;<\/p>\n<p>Sich religi\u00f6s \u00e4u\u00dfernde Menschen geh\u00f6ren auch zu den sog. Schwurblern und sollten als solche ge\u00e4chtet werden.<\/p>\n<p>Religionen sind Fake-News-Schleudern. Religionen sind identit\u00e4re Ideologien. Wer etwas hochgradig Irrationales glauben m\u00f6chte, mag das privat tun, aber wenn Gemeinschaften etwas Irrationalem anh\u00e4ngen, wird es sch\u00e4dlich und gef\u00e4hrlich.<\/p>\n<p>Es m\u00fcsste Demonstrationen gegen alles Religionswesen geben, zB aua aktuellem Anlass. Free the people from religion.<\/p>\n<p>Meine Solidarit\u00e4t ist mit denen, die den Elefanten im Raum benennen: Religion, Kr\u00e4tze der Menschheit<\/p>\n<p>Privat mag man glauben, was man will. Aber wenn Gruppen, Massen etwas hochgradig Irrationalem anh\u00e4ngen (= Religion), dann kommt es zu irrationaler, antimoderner, autorit\u00e4rer Politik. Religion muss wie Analphabetismus bek\u00e4mpft werden.<\/p>\n<p>Alle Religionen, also institutionalisierte (sog.) Glaubensgemeinschaften, sollten von der Politik so behandelt werden, wie sie Sekten behandelt. Nicht verbieten, aber davor warnen &#038; Aussteigerprogramme anbieten, auf keinen Fall unterst\u00fctzen.<\/p>\n<p>Religion geh\u00f6rt immer benannt, demaskiert,bek\u00e4mpft, mit Fakten widerlegt.<\/p>\n<p>Religion muss bek\u00e4mpft werden wie Analphabetismus.<br \/>\nReligion muss bek\u00e4mpft werden wie Sekten.<br \/>\nReligion muss bek\u00e4mpft werden wie Verschw\u00f6rungserz\u00e4hlungen.<br \/>\nReligion muss bek\u00e4mpft werden wie das Rauchen.<br \/>\nReligion muss bek\u00e4mpft werden wie die Kinderl\u00e4hmung.<\/p>\n<p>\u201eDas Wort Gott ist f\u00fcr mich nichts als Ausdruck und Produkt menschlicher Schw\u00e4chen, die Bibel eine Sammlung ehrw\u00fcrdiger, aber doch reichlich primitiver Legenden.\u201c Albert Einstein<\/p>\n<p>&#8222;Wenn Religionsdenken in der Familie- oder im Freundeskreis auftritt, f\u00fchrt das oft zu Ratlosigkeit oder Unverst\u00e4ndnis. Dabei ist das pers\u00f6nliche Gespr\u00e4ch mit einer vertrauten Person sehr wichtig, um Religionsanh\u00e4nger von ihrem Glauben wieder abzubringen.&#8220;<br \/>\n<a href=\"https:\/\/www.bundesregierung.de\/breg-de\/schwerpunkte\/umgang-mit-desinformation\/umgang-verschwoerungstheorien-1790886\">https:\/\/www.bundesregierung.de\/breg-de\/schwerpunkte\/umgang-mit-desinformation\/umgang-verschwoerungstheorien-1790886<\/a><\/p>\n<p>Auch wenn eine Religion harmlos zu sein scheint (wie die evangelische Kirche in Deutschland zB), sollte sie politisch nicht gutgehei\u00dfen werden. Menschen sollten nicht einer Sache anh\u00e4ngen und sich gegenseitig darin best\u00e4rken, die hochgradig irrational und wissenschaftlich blanker Unsinn ist.<\/p>\n<p>Religi\u00f6se glauben einen \u00e4hnlichen Quatsch wie Flacherdler. Christen, Juden, Muslime, Flacherdler, man kann und sollte sie in einem Atemzug nennen.<\/p>\n","protected":false},"excerpt":{"rendered":"<p>&#8230;ist mal wieder Religionskritik f\u00e4llig. Es ist wieder Zeit, dass man den Nietzsche macht. Ein Zusammentrag etlicher Skeets von mir auf Bluesky. \u201eReligion gilt dem gemeinen Manne als wahr, dem Weisen als falsch und dem Herrschenden als n\u00fctzlich.\u201c \u2014 Seneca Ich wei\u00df die L\u00f6sung f\u00fcr den Nahostkonflikt: S\u00e4kularisierung. Religion ist ein Problem wie Hunger. Die [&hellip;]<\/p>\n","protected":false},"author":1,"featured_media":0,"comment_status":"open","ping_status":"open","sticky":false,"template":"","format":"standard","meta":{"_links_to":"","_links_to_target":"","footnotes":""},"categories":[3],"tags":[],"class_list":["post-25646","post","type-post","status-publish","format-standard","hentry","category-id"],"_links":{"self":[{"href":"http:\/\/www.kulturtechno.de\/index.php?rest_route=\/wp\/v2\/posts\/25646"}],"collection":[{"href":"http:\/\/www.kulturtechno.de\/index.php?rest_route=\/wp\/v2\/posts"}],"about":[{"href":"http:\/\/www.kulturtechno.de\/index.php?rest_route=\/wp\/v2\/types\/post"}],"author":[{"embeddable":true,"href":"http:\/\/www.kulturtechno.de\/index.php?rest_route=\/wp\/v2\/users\/1"}],"replies":[{"embeddable":true,"href":"http:\/\/www.kulturtechno.de\/index.php?rest_route=%2Fwp%2Fv2%2Fcomments&post=25646"}],"version-history":[{"count":1,"href":"http:\/\/www.kulturtechno.de\/index.php?rest_route=\/wp\/v2\/posts\/25646\/revisions"}],"predecessor-version":[{"id":25647,"href":"http:\/\/www.kulturtechno.de\/index.php?rest_route=\/wp\/v2\/posts\/25646\/revisions\/25647"}],"wp:attachment":[{"href":"http:\/\/www.kulturtechno.de\/index.php?rest_route=%2Fwp%2Fv2%2Fmedia&parent=25646"}],"wp:term":[{"taxonomy":"category","embeddable":true,"href":"http:\/\/www.kulturtechno.de\/index.php?rest_route=%2Fwp%2Fv2%2Fcategories&post=25646"},{"taxonomy":"post_tag","embeddable":true,"href":"http:\/\/www.kulturtechno.de\/index.php?rest_route=%2Fwp%2Fv2%2Ftags&post=25646"}],"curies":[{"name":"wp","href":"https:\/\/api.w.org\/{rel}","templated":true}]}}