{"id":25642,"date":"2023-11-13T05:55:47","date_gmt":"2023-11-13T03:55:47","guid":{"rendered":"http:\/\/www.kulturtechno.de\/?p=25642"},"modified":"2023-11-12T13:57:37","modified_gmt":"2023-11-12T11:57:37","slug":"der-bildnerische-reichtum-von-klang-und-musik-und-der-kuenstlerische-blick-darauf-vortrag-kreidler","status":"publish","type":"post","link":"http:\/\/www.kulturtechno.de\/?p=25642","title":{"rendered":"Der bildnerische Reichtum von Klang und Musik &#8211; und der k\u00fcnstlerische Blick darauf. Vortrag Kreidler"},"content":{"rendered":"<p>Johannes Kreidler<br \/>\nDer bildnerische Reichtum von Klang und Musik &#8211; und der k\u00fcnstlerische Blick darauf<br \/>\nVortrag am 7.11.2023 in der W\u00fcrttembergischen Landesbibliothek anl\u00e4sslich der Ausstellung &#8222;Musik aufs Auge&#8220;.<\/p>\n<p><a href=\"https:\/\/www.wlb-stuttgart.blog\/der-bildnerische-reichtum-von-klang-und-musik\/?fbclid=IwAR3KbqAjWxatY-Lfw0VHCtUMRPKTI8xpri7-8U0pt5TEKIliM_F4KZEsFNM\">https:\/\/www.wlb-stuttgart.blog\/der-bildnerische-reichtum-von-klang-und-musik\/?fbclid=IwAR3KbqAjWxatY-Lfw0VHCtUMRPKTI8xpri7-8U0pt5TEKIliM_F4KZEsFNM<\/a><\/p>\n<p><iframe loading=\"lazy\" width=\"500\" height=\"281\" src=\"https:\/\/www.youtube.com\/embed\/Oe6_NXRQfGI?si=hG_QxnvOTFDiNsmw\" title=\"YouTube video player\" frameborder=\"0\" allow=\"accelerometer; autoplay; clipboard-write; encrypted-media; gyroscope; picture-in-picture; web-share\" allowfullscreen><\/iframe><\/p>\n","protected":false},"excerpt":{"rendered":"<p>Johannes Kreidler Der bildnerische Reichtum von Klang und Musik &#8211; und der k\u00fcnstlerische Blick darauf Vortrag am 7.11.2023 in der W\u00fcrttembergischen Landesbibliothek anl\u00e4sslich der Ausstellung &#8222;Musik aufs Auge&#8220;. https:\/\/www.wlb-stuttgart.blog\/der-bildnerische-reichtum-von-klang-und-musik\/?fbclid=IwAR3KbqAjWxatY-Lfw0VHCtUMRPKTI8xpri7-8U0pt5TEKIliM_F4KZEsFNM<\/p>\n","protected":false},"author":1,"featured_media":0,"comment_status":"open","ping_status":"open","sticky":false,"template":"","format":"standard","meta":{"_links_to":"","_links_to_target":"","footnotes":""},"categories":[3],"tags":[],"class_list":["post-25642","post","type-post","status-publish","format-standard","hentry","category-id"],"_links":{"self":[{"href":"http:\/\/www.kulturtechno.de\/index.php?rest_route=\/wp\/v2\/posts\/25642"}],"collection":[{"href":"http:\/\/www.kulturtechno.de\/index.php?rest_route=\/wp\/v2\/posts"}],"about":[{"href":"http:\/\/www.kulturtechno.de\/index.php?rest_route=\/wp\/v2\/types\/post"}],"author":[{"embeddable":true,"href":"http:\/\/www.kulturtechno.de\/index.php?rest_route=\/wp\/v2\/users\/1"}],"replies":[{"embeddable":true,"href":"http:\/\/www.kulturtechno.de\/index.php?rest_route=%2Fwp%2Fv2%2Fcomments&post=25642"}],"version-history":[{"count":1,"href":"http:\/\/www.kulturtechno.de\/index.php?rest_route=\/wp\/v2\/posts\/25642\/revisions"}],"predecessor-version":[{"id":25643,"href":"http:\/\/www.kulturtechno.de\/index.php?rest_route=\/wp\/v2\/posts\/25642\/revisions\/25643"}],"wp:attachment":[{"href":"http:\/\/www.kulturtechno.de\/index.php?rest_route=%2Fwp%2Fv2%2Fmedia&parent=25642"}],"wp:term":[{"taxonomy":"category","embeddable":true,"href":"http:\/\/www.kulturtechno.de\/index.php?rest_route=%2Fwp%2Fv2%2Fcategories&post=25642"},{"taxonomy":"post_tag","embeddable":true,"href":"http:\/\/www.kulturtechno.de\/index.php?rest_route=%2Fwp%2Fv2%2Ftags&post=25642"}],"curies":[{"name":"wp","href":"https:\/\/api.w.org\/{rel}","templated":true}]}}