{"id":25628,"date":"2023-11-05T14:01:26","date_gmt":"2023-11-05T12:01:26","guid":{"rendered":"http:\/\/www.kulturtechno.de\/?p=25628"},"modified":"2023-11-05T14:10:47","modified_gmt":"2023-11-05T12:10:47","slug":"vvvvwwvvwvvwwvvvwwvwwvvvvvv-2022-doku-video","status":"publish","type":"post","link":"http:\/\/www.kulturtechno.de\/?p=25628","title":{"rendered":"vvvvwwvvwvvwwvvvwwvwwvvvvvv (2022)- Doku Video"},"content":{"rendered":"<p><strong>vvvvwwvvwvvwwvvvwwvwwvvvvvv<\/strong> (2022)<\/p>\n<p>Konzert-Installation<br \/>\nf\u00fcr 9 Instrumentalisten und elektronische Kl\u00e4nge sowie eine Bilder-Ausstellung<\/p>\n<p>Dauer: 71&#8242;<\/p>\n<p>UA: 16.12.2022 Essen-Werden \/ E-Mex Ensemble<\/p>\n<p><iframe loading=\"lazy\" width=\"500\" height=\"281\" src=\"https:\/\/www.youtube.com\/embed\/kqpTJntMzcw?si=AIyCrPDvQt0IizLw\" title=\"YouTube video player\" frameborder=\"0\" allow=\"accelerometer; autoplay; clipboard-write; encrypted-media; gyroscope; picture-in-picture; web-share\" allowfullscreen><\/iframe><\/p>\n<blockquote><p>\n Corona hat unsere Wahrnehmung auf Wellenverl\u00e4ufe gelenkt wie nie zuvor. Der Titel vvvvwwvvwvvwwvvvwwvwwvvvvvv stellt mit Buchstaben eine Schallwellenschwingung dar; wir sind aufmerksam geworden auf das Lesen und Verstehen von Wellendarstellungen, biologischen Entwicklungen, Dramaturgien, Datenvisualisierungen. Dieses St\u00fcck ist ein konzertant-installativer Klangessay \u00fcber Wellen.<\/p>\n<p>In einem \u201eWerden-Walk\u201c, bei dem das Haus Fuhr, das B\u00fcrgermeisterhaus, und die Ev. Kirche Essen-Werden bespielt werden, ist das Publikum \u00fcber ca. 75 Minuten eingeladen, von Spielst\u00e4tte zu Spielst\u00e4tte zu gehen, auf die die MusikerInnen des E-Mex-Ensembles verteilt sind. Dort werden musikalische Wellenfelder erzeugt, sie zeigen und reflektieren das Wesen von akustischen Wellenformationen, und Bilder an den W\u00e4nden zeigen den visuellen Reichtum von Klang in Form seiner Wellendarstellung.<\/p>\n<p>Im Haus Fuhr spielen 4 MusikerInnen jeweils solistisch zusammen mit Synthesizerkl\u00e4ngen; die Violine zeichnet ihre eigenen Schallwellen als Grafik auf, um diese dann wiederum nachzuspielen. Im B\u00fcrgermeisterhaus befasst sich ein Duo aus Klarinette und Glissandofl\u00f6te mit dem Ph\u00e4nomen der akustischen Schwebung. In der Evangelischen Kirche sind es (Orgel-)Pfeifen und andere Blasinstrumente, die Schwebungen erzeugen und damit den Wellencharakter von Klang im Raum besonders erfahrbar machen. Hier darf das Publikum auch selbst in 3D-gedruckte Pfeifen blasen!<\/p>\n<p>Das Publikum kann selbst\u00e4ndig zwischen den Stationen bewegen.<\/p>\n<p>Auftragswerk des E-Mex Ensemble <\/p><\/blockquote>\n<p><a href=\"http:\/\/www.kreidler-net.de\/werke\/emex.htm\">http:\/\/www.kreidler-net.de\/werke\/emex.htm<\/a><\/p>\n","protected":false},"excerpt":{"rendered":"<p>vvvvwwvvwvvwwvvvwwvwwvvvvvv (2022) Konzert-Installation f\u00fcr 9 Instrumentalisten und elektronische Kl\u00e4nge sowie eine Bilder-Ausstellung Dauer: 71&#8242; UA: 16.12.2022 Essen-Werden \/ E-Mex Ensemble Corona hat unsere Wahrnehmung auf Wellenverl\u00e4ufe gelenkt wie nie zuvor. Der Titel vvvvwwvvwvvwwvvvwwvwwvvvvvv stellt mit Buchstaben eine Schallwellenschwingung dar; wir sind aufmerksam geworden auf das Lesen und Verstehen von Wellendarstellungen, biologischen Entwicklungen, Dramaturgien, Datenvisualisierungen. Dieses [&hellip;]<\/p>\n","protected":false},"author":1,"featured_media":0,"comment_status":"open","ping_status":"open","sticky":false,"template":"","format":"standard","meta":{"_links_to":"","_links_to_target":"","footnotes":""},"categories":[3],"tags":[],"class_list":["post-25628","post","type-post","status-publish","format-standard","hentry","category-id"],"_links":{"self":[{"href":"http:\/\/www.kulturtechno.de\/index.php?rest_route=\/wp\/v2\/posts\/25628"}],"collection":[{"href":"http:\/\/www.kulturtechno.de\/index.php?rest_route=\/wp\/v2\/posts"}],"about":[{"href":"http:\/\/www.kulturtechno.de\/index.php?rest_route=\/wp\/v2\/types\/post"}],"author":[{"embeddable":true,"href":"http:\/\/www.kulturtechno.de\/index.php?rest_route=\/wp\/v2\/users\/1"}],"replies":[{"embeddable":true,"href":"http:\/\/www.kulturtechno.de\/index.php?rest_route=%2Fwp%2Fv2%2Fcomments&post=25628"}],"version-history":[{"count":1,"href":"http:\/\/www.kulturtechno.de\/index.php?rest_route=\/wp\/v2\/posts\/25628\/revisions"}],"predecessor-version":[{"id":25629,"href":"http:\/\/www.kulturtechno.de\/index.php?rest_route=\/wp\/v2\/posts\/25628\/revisions\/25629"}],"wp:attachment":[{"href":"http:\/\/www.kulturtechno.de\/index.php?rest_route=%2Fwp%2Fv2%2Fmedia&parent=25628"}],"wp:term":[{"taxonomy":"category","embeddable":true,"href":"http:\/\/www.kulturtechno.de\/index.php?rest_route=%2Fwp%2Fv2%2Fcategories&post=25628"},{"taxonomy":"post_tag","embeddable":true,"href":"http:\/\/www.kulturtechno.de\/index.php?rest_route=%2Fwp%2Fv2%2Ftags&post=25628"}],"curies":[{"name":"wp","href":"https:\/\/api.w.org\/{rel}","templated":true}]}}