{"id":2552,"date":"2009-11-22T17:05:55","date_gmt":"2009-11-22T15:05:55","guid":{"rendered":"http:\/\/www.kulturtechno.de\/?p=2552"},"modified":"2009-11-22T17:07:09","modified_gmt":"2009-11-22T15:07:09","slug":"hinweis-fur-karten-zum-konzert-in-frankfurt","status":"publish","type":"post","link":"http:\/\/www.kulturtechno.de\/?p=2552","title":{"rendered":"Hinweis f\u00fcr Karten zum Konzert in Frankfurt"},"content":{"rendered":"<p><a href=\"http:\/\/www.kreidler-net.de\/Images\/johannes-kreidler_joysticks.gif\" rel=\"lightbox[2552]\"><img loading=\"lazy\" decoding=\"async\" alt=\"\" src=\"http:\/\/www.kreidler-net.de\/Images\/johannes-kreidler_joysticks.gif\" class=\"alignnone\" width=\"500\" height=\"240\" \/><\/a><\/p>\n<p>Am 5.12. performe ich im K\u00fcnstlerhaus Mousonturm im Rahmen des Festivals <a href=\"http:\/\/mousonturm.oceanweb.de\/web\/Deutsch\/Programmdetail\/?sid=efe&#038;version=&#038;detail=1314\">ROT<\/a>. Da mich gerade eine Interessentin dar\u00fcber informiert hat, dass die Veranstaltung schon ausverkauft ist: Wer noch Interesse an Karten hat bitte schnellstm\u00f6glich bei mir (per Email) melden, dann schau ich mal ob ich noch was ausrichten kann.<\/p>\n<p>[ad#ad2]<\/p>\n","protected":false},"excerpt":{"rendered":"<p>Am 5.12. performe ich im K\u00fcnstlerhaus Mousonturm im Rahmen des Festivals ROT. Da mich gerade eine Interessentin dar\u00fcber informiert hat, dass die Veranstaltung schon ausverkauft ist: Wer noch Interesse an Karten hat bitte schnellstm\u00f6glich bei mir (per Email) melden, dann schau ich mal ob ich noch was ausrichten kann. [ad#ad2]<\/p>\n","protected":false},"author":1,"featured_media":0,"comment_status":"open","ping_status":"open","sticky":false,"template":"","format":"standard","meta":{"_links_to":"","_links_to_target":"","footnotes":""},"categories":[3],"tags":[],"class_list":["post-2552","post","type-post","status-publish","format-standard","hentry","category-id"],"_links":{"self":[{"href":"http:\/\/www.kulturtechno.de\/index.php?rest_route=\/wp\/v2\/posts\/2552"}],"collection":[{"href":"http:\/\/www.kulturtechno.de\/index.php?rest_route=\/wp\/v2\/posts"}],"about":[{"href":"http:\/\/www.kulturtechno.de\/index.php?rest_route=\/wp\/v2\/types\/post"}],"author":[{"embeddable":true,"href":"http:\/\/www.kulturtechno.de\/index.php?rest_route=\/wp\/v2\/users\/1"}],"replies":[{"embeddable":true,"href":"http:\/\/www.kulturtechno.de\/index.php?rest_route=%2Fwp%2Fv2%2Fcomments&post=2552"}],"version-history":[{"count":2,"href":"http:\/\/www.kulturtechno.de\/index.php?rest_route=\/wp\/v2\/posts\/2552\/revisions"}],"predecessor-version":[{"id":2554,"href":"http:\/\/www.kulturtechno.de\/index.php?rest_route=\/wp\/v2\/posts\/2552\/revisions\/2554"}],"wp:attachment":[{"href":"http:\/\/www.kulturtechno.de\/index.php?rest_route=%2Fwp%2Fv2%2Fmedia&parent=2552"}],"wp:term":[{"taxonomy":"category","embeddable":true,"href":"http:\/\/www.kulturtechno.de\/index.php?rest_route=%2Fwp%2Fv2%2Fcategories&post=2552"},{"taxonomy":"post_tag","embeddable":true,"href":"http:\/\/www.kulturtechno.de\/index.php?rest_route=%2Fwp%2Fv2%2Ftags&post=2552"}],"curies":[{"name":"wp","href":"https:\/\/api.w.org\/{rel}","templated":true}]}}