{"id":25465,"date":"2023-08-17T05:12:38","date_gmt":"2023-08-17T03:12:38","guid":{"rendered":"http:\/\/www.kulturtechno.de\/?p=25465"},"modified":"2023-08-16T11:18:45","modified_gmt":"2023-08-16T09:18:45","slug":"szenische-einstiege","status":"publish","type":"post","link":"http:\/\/www.kulturtechno.de\/?p=25465","title":{"rendered":"Szenische Einstiege"},"content":{"rendered":"<blockquote class=\"twitter-tweet\">\n<p lang=\"de\" dir=\"ltr\">Friedrich Merz lehnt sich zur\u00fcck und blickt aus dem B\u00fcrofenster. 5. Stock, Neubau. Mit einer beinahe eitlen Langsamkeit schiebt er die Brille zurecht. Will er dieses Deutschland wirklich regieren? Als w\u00fcrde er die Frage fortfegen, beugt er sich ruckartig vor, greift zum Handy und<\/p>\n<p>&mdash; Kreidler (@_Kreidler) <a href=\"https:\/\/twitter.com\/_Kreidler\/status\/1683502624228753410?ref_src=twsrc%5Etfw\">July 24, 2023<\/a><\/p><\/blockquote>\n<p> <script async src=\"https:\/\/platform.twitter.com\/widgets.js\" charset=\"utf-8\"><\/script> <\/p>\n<blockquote class=\"twitter-tweet\">\n<p lang=\"de\" dir=\"ltr\">Die Frage ist Robert Habeck unangenehm, sein Blick weicht aus. Er vergleicht das mit einem Bleistift. &quot;Schreiben kann man viel. Aber nichts gegen den Gebrauch des Ratzefummels.&quot; Habeck ist beliebt f\u00fcr eingestreute Flapsigkeiten. Gelernt hat er das bei seinem politischen Ziehvater<\/p>\n<p>&mdash; Kreidler (@_Kreidler) <a href=\"https:\/\/twitter.com\/_Kreidler\/status\/1683734522465075202?ref_src=twsrc%5Etfw\">July 25, 2023<\/a><\/p><\/blockquote>\n<p> <script async src=\"https:\/\/platform.twitter.com\/widgets.js\" charset=\"utf-8\"><\/script> <\/p>\n<blockquote class=\"twitter-tweet\">\n<p lang=\"de\" dir=\"ltr\">Es ist ein warmer, aber nicht hei\u00dfer Morgen in Th\u00fcringen. Bj\u00f6rn H\u00f6cke aber ist hei\u00df zumute, sieht er sich doch seinem Ziel nahe: Herrschaft \u00fcber Deutschland. Eine Jugenderinnerung kommt ihm in den Sinn &#8211; im Geschichtsunterricht, als er vor der Landkarte mit einem Stock auf die Fr<\/p>\n<p>&mdash; Kreidler (@_Kreidler) <a href=\"https:\/\/twitter.com\/_Kreidler\/status\/1684094906103484417?ref_src=twsrc%5Etfw\">July 26, 2023<\/a><\/p><\/blockquote>\n<p> <script async src=\"https:\/\/platform.twitter.com\/widgets.js\" charset=\"utf-8\"><\/script> <\/p>\n<blockquote class=\"twitter-tweet\">\n<p lang=\"de\" dir=\"ltr\">Annalena Baerbock, im beigen Kost\u00fcm, sitzt am Flugzeugfenster, schaut aber aufs Handy. Wieder attackiert man sie in den sozialen Medien. Als Politikerin braucht man ein dickes Fell, das hat sie l\u00e4ngst, aber nachdenklich macht es sie doch. Da f\u00e4llt ihr Blick auf ihren rechten Schu<\/p>\n<p>&mdash; Kreidler (@_Kreidler) <a href=\"https:\/\/twitter.com\/_Kreidler\/status\/1685195884076646400?ref_src=twsrc%5Etfw\">July 29, 2023<\/a><\/p><\/blockquote>\n<p> <script async src=\"https:\/\/platform.twitter.com\/widgets.js\" charset=\"utf-8\"><\/script> <\/p>\n<blockquote class=\"twitter-tweet\">\n<p lang=\"de\" dir=\"ltr\">Sahra Wagenknecht ist unbeirrbar. Auch auf harte, fast unfaire Fragestellungen hat sie eine funkelnde Antwort. Manchmal meint man, sie antworte, ehe die Frage \u00fcberhaupt gestellt ist. Wir sitzen in einem B\u00fcro in der dritten Etage, drau\u00dfen sind die B\u00e4ume gr\u00fcn, 19 Grad, windstill.<\/p>\n<p>&mdash; Kreidler (@_Kreidler) <a href=\"https:\/\/twitter.com\/_Kreidler\/status\/1688275192190029824?ref_src=twsrc%5Etfw\">August 6, 2023<\/a><\/p><\/blockquote>\n<p> <script async src=\"https:\/\/platform.twitter.com\/widgets.js\" charset=\"utf-8\"><\/script> <\/p>\n<blockquote class=\"twitter-tweet\">\n<p lang=\"de\" dir=\"ltr\">An diesem Samstag Morgen ist Christian Lindner zwar nicht ganz ausgeschlafen, aber dennoch hochkonzentriert. Die Palme in seinem B\u00fcro steht kerzengerade, im Vorzimmer bereitet die Sekret\u00e4rin Kaffee. Ob er mit dem neoliberalistischen Programm die FDP nicht marginalisiert? Er lacht<\/p>\n<p>&mdash; Kreidler (@_Kreidler) <a href=\"https:\/\/twitter.com\/_Kreidler\/status\/1689903827812585472?ref_src=twsrc%5Etfw\">August 11, 2023<\/a><\/p><\/blockquote>\n<p> <script async src=\"https:\/\/platform.twitter.com\/widgets.js\" charset=\"utf-8\"><\/script> <\/p>\n<blockquote class=\"twitter-tweet\">\n<p lang=\"de\" dir=\"ltr\">Eine Koalition mit der AfD? Markus S\u00f6der verzieht demonstrativ das Gesicht. Doch insgeheim, das l\u00e4sst er durchblicken, w\u00fcrde er f\u00fcr die Macht alles tun. Das Kuchenst\u00fcck vor ihm hat er w\u00e4hrend des Gespr\u00e4chs mehr zerst\u00fcckelt als gegessen. Die Sonne scheint ihm von drau\u00dfen aufs Haar<\/p>\n<p>&mdash; Kreidler (@_Kreidler) <a href=\"https:\/\/twitter.com\/_Kreidler\/status\/1689904869774168064?ref_src=twsrc%5Etfw\">August 11, 2023<\/a><\/p><\/blockquote>\n<p> <script async src=\"https:\/\/platform.twitter.com\/widgets.js\" charset=\"utf-8\"><\/script> <\/p>\n<blockquote class=\"twitter-tweet\">\n<p lang=\"de\" dir=\"ltr\">Markus Lanz schaut noch einmal aufs Skript. Der w\u00f6chentliche Podcast mit Precht ist beliebt, entsprechend gro\u00df die Erwartungen. Eine 25k\u00f6pfige Redaktion bereitet jede Folge vor. Lanz muss nur so tun, als ob er frei spr\u00e4che, das kann er. Selbst die \u00c4hs stehen auf dem Papier. Er ha<\/p>\n<p>&mdash; Kreidler (@_Kreidler) <a href=\"https:\/\/twitter.com\/_Kreidler\/status\/1689912399199907840?ref_src=twsrc%5Etfw\">August 11, 2023<\/a><\/p><\/blockquote>\n<p> <script async src=\"https:\/\/platform.twitter.com\/widgets.js\" charset=\"utf-8\"><\/script> <\/p>\n<blockquote class=\"twitter-tweet\">\n<p lang=\"de\" dir=\"ltr\">Wie so oft ist Karl Lauterbach ist zu Beginn des Interviews noch am Twittern. &quot;Als Gesundheitsminister sollte ich eigentlich keine Sucht haben&quot; scherzt er. Sein Sacko ist mehr ein Kittel, das sch\u00fcttere Haar liegt kreuz und quer wie die ber\u00fcchtigten Lauterbach-Schachtels\u00e4tze. Dies<\/p>\n<p>&mdash; Kreidler (@_Kreidler) <a href=\"https:\/\/twitter.com\/_Kreidler\/status\/1690254879615311873?ref_src=twsrc%5Etfw\">August 12, 2023<\/a><\/p><\/blockquote>\n<p> <script async src=\"https:\/\/platform.twitter.com\/widgets.js\" charset=\"utf-8\"><\/script> <\/p>\n<blockquote class=\"twitter-tweet\">\n<p lang=\"de\" dir=\"ltr\">Ob er immer noch privat Hanf anbaue? Cem \u00d6zdemir lacht schallend, kontert dann aber mit einem fast heftigen &quot;Spa\u00dfbeiseite&quot;, worauf ein achtmin\u00fctiger Monolog \u00fcber den gesundheitlichen und wirtschaftlichen Nutzen von Hanf folgt. Die Streifen auf seiner roten Krawatte, meint man, h\u00e4<\/p>\n<p>&mdash; Kreidler (@_Kreidler) <a href=\"https:\/\/twitter.com\/_Kreidler\/status\/1690757966285213698?ref_src=twsrc%5Etfw\">August 13, 2023<\/a><\/p><\/blockquote>\n<p> <script async src=\"https:\/\/platform.twitter.com\/widgets.js\" charset=\"utf-8\"><\/script> <\/p>\n<blockquote class=\"twitter-tweet\">\n<p lang=\"de\" dir=\"ltr\">Annalena Baerbock greift sich ins Haar, um ein St\u00fcckchen Stoff, das sich darin verfangen hat, herauszuziehen. Dass sie nun die abgebrochene Flugreise nach Australien erkl\u00e4ren muss, macht sie sichtlich verdrossen, g\u00e4be es doch wichtigere Dinge abzuarbeiten. Aber selbst im Sommer,<\/p>\n<p>&mdash; Kreidler (@_Kreidler) <a href=\"https:\/\/twitter.com\/_Kreidler\/status\/1691353826161246209?ref_src=twsrc%5Etfw\">August 15, 2023<\/a><\/p><\/blockquote>\n<p> <script async src=\"https:\/\/platform.twitter.com\/widgets.js\" charset=\"utf-8\"><\/script> <\/p>\n<blockquote class=\"twitter-tweet\">\n<p lang=\"de\" dir=\"ltr\">Richard David Precht f\u00e4hrt mit der linken Hand durch sein schulterlanges Haar. Nicht oft, aber manchmal ist auch er um ein Wort verlegen. K\u00f6nnen die Krisen der Gegenwart noch mit Heideggers ontologischer Differenz erkl\u00e4rt werden? Oder br\u00e4uchte es nicht ein neues Seinskonzept,<\/p>\n<p>&mdash; Kreidler (@_Kreidler) <a href=\"https:\/\/twitter.com\/_Kreidler\/status\/1691423362701000704?ref_src=twsrc%5Etfw\">August 15, 2023<\/a><\/p><\/blockquote>\n<p> <script async src=\"https:\/\/platform.twitter.com\/widgets.js\" charset=\"utf-8\"><\/script> <\/p>\n<blockquote class=\"twitter-tweet\">\n<p lang=\"de\" dir=\"ltr\">Johannes Kreidler steht bei der Frage vom B\u00fcrostuhl auf und geht ans Fenster. Ob er sich nicht manchmal frage, was dieses Twitter-Meme soll, st\u00e4ndig banale atmosph\u00e4rische Texteinstiege zu schreiben? Drau\u00dfen regnet es. Er selber hasst diese Art Journalismus, &quot;v\u00f6llig redundant&quot; f\u00e4l<\/p>\n<p>&mdash; Kreidler (@_Kreidler) <a href=\"https:\/\/twitter.com\/_Kreidler\/status\/1691704066223562786?ref_src=twsrc%5Etfw\">August 16, 2023<\/a><\/p><\/blockquote>\n<p> <script async src=\"https:\/\/platform.twitter.com\/widgets.js\" charset=\"utf-8\"><\/script> <\/p>\n","protected":false},"excerpt":{"rendered":"<p>Friedrich Merz lehnt sich zur\u00fcck und blickt aus dem B\u00fcrofenster. 5. Stock, Neubau. Mit einer beinahe eitlen Langsamkeit schiebt er die Brille zurecht. Will er dieses Deutschland wirklich regieren? Als w\u00fcrde er die Frage fortfegen, beugt er sich ruckartig vor, greift zum Handy und &mdash; Kreidler (@_Kreidler) July 24, 2023 Die Frage ist Robert Habeck [&hellip;]<\/p>\n","protected":false},"author":1,"featured_media":0,"comment_status":"open","ping_status":"open","sticky":false,"template":"","format":"standard","meta":{"_links_to":"","_links_to_target":"","footnotes":""},"categories":[3],"tags":[],"class_list":["post-25465","post","type-post","status-publish","format-standard","hentry","category-id"],"_links":{"self":[{"href":"http:\/\/www.kulturtechno.de\/index.php?rest_route=\/wp\/v2\/posts\/25465"}],"collection":[{"href":"http:\/\/www.kulturtechno.de\/index.php?rest_route=\/wp\/v2\/posts"}],"about":[{"href":"http:\/\/www.kulturtechno.de\/index.php?rest_route=\/wp\/v2\/types\/post"}],"author":[{"embeddable":true,"href":"http:\/\/www.kulturtechno.de\/index.php?rest_route=\/wp\/v2\/users\/1"}],"replies":[{"embeddable":true,"href":"http:\/\/www.kulturtechno.de\/index.php?rest_route=%2Fwp%2Fv2%2Fcomments&post=25465"}],"version-history":[{"count":2,"href":"http:\/\/www.kulturtechno.de\/index.php?rest_route=\/wp\/v2\/posts\/25465\/revisions"}],"predecessor-version":[{"id":25467,"href":"http:\/\/www.kulturtechno.de\/index.php?rest_route=\/wp\/v2\/posts\/25465\/revisions\/25467"}],"wp:attachment":[{"href":"http:\/\/www.kulturtechno.de\/index.php?rest_route=%2Fwp%2Fv2%2Fmedia&parent=25465"}],"wp:term":[{"taxonomy":"category","embeddable":true,"href":"http:\/\/www.kulturtechno.de\/index.php?rest_route=%2Fwp%2Fv2%2Fcategories&post=25465"},{"taxonomy":"post_tag","embeddable":true,"href":"http:\/\/www.kulturtechno.de\/index.php?rest_route=%2Fwp%2Fv2%2Ftags&post=25465"}],"curies":[{"name":"wp","href":"https:\/\/api.w.org\/{rel}","templated":true}]}}