{"id":25354,"date":"2023-06-20T05:20:46","date_gmt":"2023-06-20T03:20:46","guid":{"rendered":"http:\/\/www.kulturtechno.de\/?p=25354"},"modified":"2023-06-18T14:28:19","modified_gmt":"2023-06-18T12:28:19","slug":"kreidler-dlf","status":"publish","type":"post","link":"http:\/\/www.kulturtechno.de\/?p=25354","title":{"rendered":"Kreidler @DLF"},"content":{"rendered":"<p>Gisela Naucks Sendung &#8222;Aufl\u00f6sung oder Transformation? Zeitgen\u00f6ssische Musik am Scheideweg&#8220;. Darin auch eine Besprechung meines Chorst\u00fccks &#8222;Lippenstift&#8220;. Erneut gesendet gestern auf Deutschlandfunk Kultur, jetzt dauerhaft in der Mediathek:<\/p>\n<p><a href=\"https:\/\/www.deutschlandfunkkultur.de\/aufloesung-oder-transformation-neue-musik-am-scheideweg-dlf-kultur-5585b92a-100.html\">https:\/\/www.deutschlandfunkkultur.de\/aufloesung-oder-transformation-neue-musik-am-scheideweg-dlf-kultur-5585b92a-100.html<\/a><\/p>\n<p>Und Matthias N\u00f6ther hat Harry Lehmanns Buch &#8222;Musik und Wirklichkeit&#8220; besprochen, darin auch Musik von mir:<br \/>\n<a href=\"https:\/\/www.deutschlandfunk.de\/musik-und-wirklichkeit-modelle-der-musikphilosophie-buchrezension-dlf-f1092811-100.html?fbclid=IwAR2zwVvDG90wX-CJsMCh8Xke2Jasz9roFf_LHINIW1UmyKTwZx0RMRZ6Zgs\">https:\/\/www.deutschlandfunk.de\/musik-und-wirklichkeit-modelle-der-musikphilosophie-buchrezension-dlf-f1092811-100.html?fbclid=IwAR2zwVvDG90wX-CJsMCh8Xke2Jasz9roFf_LHINIW1UmyKTwZx0RMRZ6Zgs<\/a><\/p>\n","protected":false},"excerpt":{"rendered":"<p>Gisela Naucks Sendung &#8222;Aufl\u00f6sung oder Transformation? Zeitgen\u00f6ssische Musik am Scheideweg&#8220;. Darin auch eine Besprechung meines Chorst\u00fccks &#8222;Lippenstift&#8220;. Erneut gesendet gestern auf Deutschlandfunk Kultur, jetzt dauerhaft in der Mediathek: https:\/\/www.deutschlandfunkkultur.de\/aufloesung-oder-transformation-neue-musik-am-scheideweg-dlf-kultur-5585b92a-100.html Und Matthias N\u00f6ther hat Harry Lehmanns Buch &#8222;Musik und Wirklichkeit&#8220; besprochen, darin auch Musik von mir: https:\/\/www.deutschlandfunk.de\/musik-und-wirklichkeit-modelle-der-musikphilosophie-buchrezension-dlf-f1092811-100.html?fbclid=IwAR2zwVvDG90wX-CJsMCh8Xke2Jasz9roFf_LHINIW1UmyKTwZx0RMRZ6Zgs<\/p>\n","protected":false},"author":1,"featured_media":0,"comment_status":"open","ping_status":"open","sticky":false,"template":"","format":"standard","meta":{"_links_to":"","_links_to_target":"","footnotes":""},"categories":[3],"tags":[],"class_list":["post-25354","post","type-post","status-publish","format-standard","hentry","category-id"],"_links":{"self":[{"href":"http:\/\/www.kulturtechno.de\/index.php?rest_route=\/wp\/v2\/posts\/25354"}],"collection":[{"href":"http:\/\/www.kulturtechno.de\/index.php?rest_route=\/wp\/v2\/posts"}],"about":[{"href":"http:\/\/www.kulturtechno.de\/index.php?rest_route=\/wp\/v2\/types\/post"}],"author":[{"embeddable":true,"href":"http:\/\/www.kulturtechno.de\/index.php?rest_route=\/wp\/v2\/users\/1"}],"replies":[{"embeddable":true,"href":"http:\/\/www.kulturtechno.de\/index.php?rest_route=%2Fwp%2Fv2%2Fcomments&post=25354"}],"version-history":[{"count":2,"href":"http:\/\/www.kulturtechno.de\/index.php?rest_route=\/wp\/v2\/posts\/25354\/revisions"}],"predecessor-version":[{"id":25356,"href":"http:\/\/www.kulturtechno.de\/index.php?rest_route=\/wp\/v2\/posts\/25354\/revisions\/25356"}],"wp:attachment":[{"href":"http:\/\/www.kulturtechno.de\/index.php?rest_route=%2Fwp%2Fv2%2Fmedia&parent=25354"}],"wp:term":[{"taxonomy":"category","embeddable":true,"href":"http:\/\/www.kulturtechno.de\/index.php?rest_route=%2Fwp%2Fv2%2Fcategories&post=25354"},{"taxonomy":"post_tag","embeddable":true,"href":"http:\/\/www.kulturtechno.de\/index.php?rest_route=%2Fwp%2Fv2%2Ftags&post=25354"}],"curies":[{"name":"wp","href":"https:\/\/api.w.org\/{rel}","templated":true}]}}