{"id":25254,"date":"2023-05-06T05:11:21","date_gmt":"2023-05-06T03:11:21","guid":{"rendered":"http:\/\/www.kulturtechno.de\/?p=25254"},"modified":"2023-04-27T17:11:55","modified_gmt":"2023-04-27T15:11:55","slug":"gegen-das-fuerchterliche-nacktsingen","status":"publish","type":"post","link":"http:\/\/www.kulturtechno.de\/?p=25254","title":{"rendered":"Gegen das f\u00fcrchterliche Nacktsingen"},"content":{"rendered":"<p>&#8222;Nudus cantus contra terribilem&#8220; Verwarnung seitens der p\u00e4pstlichen Kommission an die Nonnen und M\u00f6nche des Zisterzienser Ordens, welche dem sakralen Nacktsingen fr\u00f6nten. Fragmente aus der Klosterbibliothek Wettingen, Mitte 13. Jahrhundert.<\/p>\n<blockquote class=\"twitter-tweet\">\n<p lang=\"de\" dir=\"ltr\">&quot;Nudus cantus contra terribilem&quot; Verwarnung seitens der p\u00e4pstlichen Kommission an die Nonnen und M\u00f6nche des Zisterzienser Ordens, welche dem sakralen Nacktsingen fr\u00f6nten. Fragmente aus der Klosterbibliothek Wettingen, Mitte 13. Jahrhundert. <a href=\"https:\/\/t.co\/tdt5BDb4wy\">pic.twitter.com\/tdt5BDb4wy<\/a><\/p>\n<p>&mdash; Kreidler (@_Kreidler) <a href=\"https:\/\/twitter.com\/_Kreidler\/status\/1648775709475627008?ref_src=twsrc%5Etfw\">April 19, 2023<\/a><\/p><\/blockquote>\n<p> <script async src=\"https:\/\/platform.twitter.com\/widgets.js\" charset=\"utf-8\"><\/script> <\/p>\n","protected":false},"excerpt":{"rendered":"<p>&#8222;Nudus cantus contra terribilem&#8220; Verwarnung seitens der p\u00e4pstlichen Kommission an die Nonnen und M\u00f6nche des Zisterzienser Ordens, welche dem sakralen Nacktsingen fr\u00f6nten. Fragmente aus der Klosterbibliothek Wettingen, Mitte 13. Jahrhundert. &quot;Nudus cantus contra terribilem&quot; Verwarnung seitens der p\u00e4pstlichen Kommission an die Nonnen und M\u00f6nche des Zisterzienser Ordens, welche dem sakralen Nacktsingen fr\u00f6nten. Fragmente aus der [&hellip;]<\/p>\n","protected":false},"author":1,"featured_media":0,"comment_status":"open","ping_status":"open","sticky":false,"template":"","format":"standard","meta":{"_links_to":"","_links_to_target":"","footnotes":""},"categories":[17],"tags":[],"class_list":["post-25254","post","type-post","status-publish","format-standard","hentry","category-sonstiges"],"_links":{"self":[{"href":"http:\/\/www.kulturtechno.de\/index.php?rest_route=\/wp\/v2\/posts\/25254"}],"collection":[{"href":"http:\/\/www.kulturtechno.de\/index.php?rest_route=\/wp\/v2\/posts"}],"about":[{"href":"http:\/\/www.kulturtechno.de\/index.php?rest_route=\/wp\/v2\/types\/post"}],"author":[{"embeddable":true,"href":"http:\/\/www.kulturtechno.de\/index.php?rest_route=\/wp\/v2\/users\/1"}],"replies":[{"embeddable":true,"href":"http:\/\/www.kulturtechno.de\/index.php?rest_route=%2Fwp%2Fv2%2Fcomments&post=25254"}],"version-history":[{"count":1,"href":"http:\/\/www.kulturtechno.de\/index.php?rest_route=\/wp\/v2\/posts\/25254\/revisions"}],"predecessor-version":[{"id":25255,"href":"http:\/\/www.kulturtechno.de\/index.php?rest_route=\/wp\/v2\/posts\/25254\/revisions\/25255"}],"wp:attachment":[{"href":"http:\/\/www.kulturtechno.de\/index.php?rest_route=%2Fwp%2Fv2%2Fmedia&parent=25254"}],"wp:term":[{"taxonomy":"category","embeddable":true,"href":"http:\/\/www.kulturtechno.de\/index.php?rest_route=%2Fwp%2Fv2%2Fcategories&post=25254"},{"taxonomy":"post_tag","embeddable":true,"href":"http:\/\/www.kulturtechno.de\/index.php?rest_route=%2Fwp%2Fv2%2Ftags&post=25254"}],"curies":[{"name":"wp","href":"https:\/\/api.w.org\/{rel}","templated":true}]}}