{"id":25236,"date":"2023-04-28T05:04:13","date_gmt":"2023-04-28T03:04:13","guid":{"rendered":"http:\/\/www.kulturtechno.de\/?p=25236"},"modified":"2023-04-27T17:05:05","modified_gmt":"2023-04-27T15:05:05","slug":"biden-kandidiert-wieder","status":"publish","type":"post","link":"http:\/\/www.kulturtechno.de\/?p=25236","title":{"rendered":"Biden kandidiert wieder :)"},"content":{"rendered":"<blockquote class=\"twitter-tweet\">\n<p lang=\"en\" dir=\"ltr\">Joe Biden at work<a href=\"https:\/\/twitter.com\/hashtag\/SleepyJoe?src=hash&amp;ref_src=twsrc%5Etfw\">#SleepyJoe<\/a> <a href=\"https:\/\/t.co\/QjDwsZufhk\">pic.twitter.com\/QjDwsZufhk<\/a><\/p>\n<p>&mdash; Kreidler (@_Kreidler) <a href=\"https:\/\/twitter.com\/_Kreidler\/status\/1650911478805938178?ref_src=twsrc%5Etfw\">April 25, 2023<\/a><\/p><\/blockquote>\n<p> <script async src=\"https:\/\/platform.twitter.com\/widgets.js\" charset=\"utf-8\"><\/script> <\/p>\n<blockquote class=\"twitter-tweet\">\n<p lang=\"de\" dir=\"ltr\">(Nicht dass ich f\u00fcr die Republikaner w\u00e4re, aber j\u00fcnger &amp; weiblich w\u00e4re halt auch mal ne Option) <a href=\"https:\/\/t.co\/Hk5pBil9Vt\">pic.twitter.com\/Hk5pBil9Vt<\/a><\/p>\n<p>&mdash; Kreidler (@_Kreidler) <a href=\"https:\/\/twitter.com\/_Kreidler\/status\/1650911907711266816?ref_src=twsrc%5Etfw\">April 25, 2023<\/a><\/p><\/blockquote>\n<p> <script async src=\"https:\/\/platform.twitter.com\/widgets.js\" charset=\"utf-8\"><\/script> <\/p>\n<blockquote class=\"twitter-tweet\">\n<p lang=\"eu\" dir=\"ltr\">GuNa ~~ <a href=\"https:\/\/t.co\/EmunltW82E\">pic.twitter.com\/EmunltW82E<\/a><\/p>\n<p>&mdash; Kreidler (@_Kreidler) <a href=\"https:\/\/twitter.com\/_Kreidler\/status\/1650987396765196288?ref_src=twsrc%5Etfw\">April 25, 2023<\/a><\/p><\/blockquote>\n<p> <script async src=\"https:\/\/platform.twitter.com\/widgets.js\" charset=\"utf-8\"><\/script> <\/p>\n","protected":false},"excerpt":{"rendered":"<p>Joe Biden at work#SleepyJoe pic.twitter.com\/QjDwsZufhk &mdash; Kreidler (@_Kreidler) April 25, 2023 (Nicht dass ich f\u00fcr die Republikaner w\u00e4re, aber j\u00fcnger &amp; weiblich w\u00e4re halt auch mal ne Option) pic.twitter.com\/Hk5pBil9Vt &mdash; Kreidler (@_Kreidler) April 25, 2023 GuNa ~~ pic.twitter.com\/EmunltW82E &mdash; Kreidler (@_Kreidler) April 25, 2023<\/p>\n","protected":false},"author":1,"featured_media":0,"comment_status":"open","ping_status":"open","sticky":false,"template":"","format":"standard","meta":{"_links_to":"","_links_to_target":"","footnotes":""},"categories":[15],"tags":[],"class_list":["post-25236","post","type-post","status-publish","format-standard","hentry","category-kritik-der-reinen-vernunft"],"_links":{"self":[{"href":"http:\/\/www.kulturtechno.de\/index.php?rest_route=\/wp\/v2\/posts\/25236"}],"collection":[{"href":"http:\/\/www.kulturtechno.de\/index.php?rest_route=\/wp\/v2\/posts"}],"about":[{"href":"http:\/\/www.kulturtechno.de\/index.php?rest_route=\/wp\/v2\/types\/post"}],"author":[{"embeddable":true,"href":"http:\/\/www.kulturtechno.de\/index.php?rest_route=\/wp\/v2\/users\/1"}],"replies":[{"embeddable":true,"href":"http:\/\/www.kulturtechno.de\/index.php?rest_route=%2Fwp%2Fv2%2Fcomments&post=25236"}],"version-history":[{"count":1,"href":"http:\/\/www.kulturtechno.de\/index.php?rest_route=\/wp\/v2\/posts\/25236\/revisions"}],"predecessor-version":[{"id":25237,"href":"http:\/\/www.kulturtechno.de\/index.php?rest_route=\/wp\/v2\/posts\/25236\/revisions\/25237"}],"wp:attachment":[{"href":"http:\/\/www.kulturtechno.de\/index.php?rest_route=%2Fwp%2Fv2%2Fmedia&parent=25236"}],"wp:term":[{"taxonomy":"category","embeddable":true,"href":"http:\/\/www.kulturtechno.de\/index.php?rest_route=%2Fwp%2Fv2%2Fcategories&post=25236"},{"taxonomy":"post_tag","embeddable":true,"href":"http:\/\/www.kulturtechno.de\/index.php?rest_route=%2Fwp%2Fv2%2Ftags&post=25236"}],"curies":[{"name":"wp","href":"https:\/\/api.w.org\/{rel}","templated":true}]}}