{"id":25050,"date":"2023-02-03T05:15:42","date_gmt":"2023-02-03T03:15:42","guid":{"rendered":"http:\/\/www.kulturtechno.de\/?p=25050"},"modified":"2023-01-29T11:17:32","modified_gmt":"2023-01-29T09:17:32","slug":"meine-erste-lp-abstracts","status":"publish","type":"post","link":"http:\/\/www.kulturtechno.de\/?p=25050","title":{"rendered":"Meine erste LP: &#8222;abstracts&#8220;"},"content":{"rendered":"<p>&#8222;Musik gilt generell als relativ abstrakt, die T\u00f6ne und Kl\u00e4nge stehen f\u00fcr keinen Inhalt. Doch wie weit kann man das treiben? Diese St\u00fccke sind Extremf\u00e4lle der musikalischen Abstraktion.&#8220;<\/p>\n<p>1st release of the new Label &#8222;Ghost Notes Records&#8220; of Kunststiftung<br \/>\nBaden-W\u00fcrttemberg as a follow-up of the exhibition &#8222;Ghost Notes&#8220; 2022.<\/p>\n<p><a href=\"https:\/\/www.kunststiftung.de\/programme\/johannes-kreidler-2.html\">https:\/\/www.kunststiftung.de\/programme\/johannes-kreidler-2.html<\/a><\/p>\n<blockquote class=\"twitter-tweet\">\n<p lang=\"en\" dir=\"ltr\">*My first LP*<br \/>&quot;These pieces are extreme cases of musical abstraction.&quot;<\/p>\n<p>&#8230;and<br \/> 1st release of the new Label &quot;Ghost Notes Records&quot; of Kunststiftung <br \/>Baden-W\u00fcrttemberg as a follow-up of the exhibition &quot;Ghost Notes&quot; 2022.<a href=\"https:\/\/t.co\/K38vsRGEyl\">https:\/\/t.co\/K38vsRGEyl<\/a> <a href=\"https:\/\/t.co\/i2wU6xQ1Kc\">pic.twitter.com\/i2wU6xQ1Kc<\/a><\/p>\n<p>&mdash; Kreidler (@_Kreidler) <a href=\"https:\/\/twitter.com\/_Kreidler\/status\/1615006270846832641?ref_src=twsrc%5Etfw\">January 16, 2023<\/a><\/p><\/blockquote>\n<p> <script async src=\"https:\/\/platform.twitter.com\/widgets.js\" charset=\"utf-8\"><\/script> <\/p>\n<p>Die LP ist bei mir erh\u00e4ltlich.<\/p>\n","protected":false},"excerpt":{"rendered":"<p>&#8222;Musik gilt generell als relativ abstrakt, die T\u00f6ne und Kl\u00e4nge stehen f\u00fcr keinen Inhalt. Doch wie weit kann man das treiben? Diese St\u00fccke sind Extremf\u00e4lle der musikalischen Abstraktion.&#8220; 1st release of the new Label &#8222;Ghost Notes Records&#8220; of Kunststiftung Baden-W\u00fcrttemberg as a follow-up of the exhibition &#8222;Ghost Notes&#8220; 2022. https:\/\/www.kunststiftung.de\/programme\/johannes-kreidler-2.html *My first LP*&quot;These pieces are [&hellip;]<\/p>\n","protected":false},"author":1,"featured_media":0,"comment_status":"open","ping_status":"open","sticky":false,"template":"","format":"standard","meta":{"_links_to":"","_links_to_target":"","footnotes":""},"categories":[3],"tags":[],"class_list":["post-25050","post","type-post","status-publish","format-standard","hentry","category-id"],"_links":{"self":[{"href":"http:\/\/www.kulturtechno.de\/index.php?rest_route=\/wp\/v2\/posts\/25050"}],"collection":[{"href":"http:\/\/www.kulturtechno.de\/index.php?rest_route=\/wp\/v2\/posts"}],"about":[{"href":"http:\/\/www.kulturtechno.de\/index.php?rest_route=\/wp\/v2\/types\/post"}],"author":[{"embeddable":true,"href":"http:\/\/www.kulturtechno.de\/index.php?rest_route=\/wp\/v2\/users\/1"}],"replies":[{"embeddable":true,"href":"http:\/\/www.kulturtechno.de\/index.php?rest_route=%2Fwp%2Fv2%2Fcomments&post=25050"}],"version-history":[{"count":1,"href":"http:\/\/www.kulturtechno.de\/index.php?rest_route=\/wp\/v2\/posts\/25050\/revisions"}],"predecessor-version":[{"id":25051,"href":"http:\/\/www.kulturtechno.de\/index.php?rest_route=\/wp\/v2\/posts\/25050\/revisions\/25051"}],"wp:attachment":[{"href":"http:\/\/www.kulturtechno.de\/index.php?rest_route=%2Fwp%2Fv2%2Fmedia&parent=25050"}],"wp:term":[{"taxonomy":"category","embeddable":true,"href":"http:\/\/www.kulturtechno.de\/index.php?rest_route=%2Fwp%2Fv2%2Fcategories&post=25050"},{"taxonomy":"post_tag","embeddable":true,"href":"http:\/\/www.kulturtechno.de\/index.php?rest_route=%2Fwp%2Fv2%2Ftags&post=25050"}],"curies":[{"name":"wp","href":"https:\/\/api.w.org\/{rel}","templated":true}]}}