{"id":25027,"date":"2023-01-24T05:58:47","date_gmt":"2023-01-24T03:58:47","guid":{"rendered":"http:\/\/www.kulturtechno.de\/?p=25027"},"modified":"2022-12-29T16:01:39","modified_gmt":"2022-12-29T14:01:39","slug":"mein-text-zum-komponierenden-subjekt-jetzt-online","status":"publish","type":"post","link":"http:\/\/www.kulturtechno.de\/?p=25027","title":{"rendered":"Mein Text &#8222;Zum komponierenden Subjekt&#8220; jetzt online"},"content":{"rendered":"<p>Mein Text &#8222;Zum komponeirenden Subjekt&#8220;, zuerst erscheinen im Sammelband \u201e<a href=\"http:\/\/www.kulturtechno.de\/?p=24387\">Musik und Subjektivit\u00e4t<\/a>\u201c, steht jetzt online.<\/p>\n<p><a href=\"http:\/\/www.kreidler-net.de\/theorie\/kreidler__zum_komponierenden_subjekt.pdf\">http:\/\/www.kreidler-net.de\/theorie\/kreidler__zum_komponierenden_subjekt.pdf<\/a><\/p>\n<blockquote><p>Die Dialektik vom Subjektiven und Objektiven des K\u00fcnstlers ist legend\u00e4r und wird in einschl\u00e4gigen<br \/>\nSentenzen \u00fcberliefert. Einerseits ist der K\u00fcnstler das schiere Objekt der \u203aWelt\u2039, wenn Beethoven bei<br \/>\nals unspielbar geltenden Noten grimmig zu verstehen gibt, ihm k\u00e4me eben \u00bbder Geist\u00ab, wenn<br \/>\nSch\u00f6nberg postuliert, im historischen Auftrag zu handeln, denn Kunst komme \u00bbnicht von K\u00f6nnen,<br \/>\nsondern von M\u00fcssen\u00ab und Jonathan Meese folgerichtig die \u00bbDiktatur der Kunst\u00ab ausruft, die<br \/>\ntats\u00e4chlich zu befehlen gebe, dass die rechte obere Ecke gelb zu malen sei. \u00bbDie Freiheit des K\u00fcnstlers<br \/>\nist, dass er keine hat. Versteh&#8217;s wer kann\u00ab, so Ernst Barlach in einem Anflug von Komik. F\u00fcr Martin<br \/>\nWalser ist das Schreiben \u00bbdie passivste T\u00e4tigkeit\u00ab, die er sich nur vorstellen k\u00f6nne, und Elfriede Jelinek<br \/>\nh\u00e4lt die Totenrede auf den Dichter: Er w\u00e4re notwendig \u00bbabgelebt, der immer nur anderes beleben<br \/>\nkann\u00ab. Das komponierende Ich ist nicht nur nicht Herr im eigenen Haus, es will diese Rolle tunlichst gar<br \/>\nnicht einnehmen, will das musengek\u00fcsste Sprachrohr h\u00f6herer M\u00e4chte verk\u00f6rpern. Das Verdienst des<br \/>\nK\u00fcnstlers ist, eigentlich keines zu haben.<\/p><\/blockquote>\n","protected":false},"excerpt":{"rendered":"<p>Mein Text &#8222;Zum komponeirenden Subjekt&#8220;, zuerst erscheinen im Sammelband \u201eMusik und Subjektivit\u00e4t\u201c, steht jetzt online. http:\/\/www.kreidler-net.de\/theorie\/kreidler__zum_komponierenden_subjekt.pdf Die Dialektik vom Subjektiven und Objektiven des K\u00fcnstlers ist legend\u00e4r und wird in einschl\u00e4gigen Sentenzen \u00fcberliefert. Einerseits ist der K\u00fcnstler das schiere Objekt der \u203aWelt\u2039, wenn Beethoven bei als unspielbar geltenden Noten grimmig zu verstehen gibt, ihm k\u00e4me eben [&hellip;]<\/p>\n","protected":false},"author":1,"featured_media":0,"comment_status":"open","ping_status":"open","sticky":false,"template":"","format":"standard","meta":{"_links_to":"","_links_to_target":"","footnotes":""},"categories":[3],"tags":[],"class_list":["post-25027","post","type-post","status-publish","format-standard","hentry","category-id"],"_links":{"self":[{"href":"http:\/\/www.kulturtechno.de\/index.php?rest_route=\/wp\/v2\/posts\/25027"}],"collection":[{"href":"http:\/\/www.kulturtechno.de\/index.php?rest_route=\/wp\/v2\/posts"}],"about":[{"href":"http:\/\/www.kulturtechno.de\/index.php?rest_route=\/wp\/v2\/types\/post"}],"author":[{"embeddable":true,"href":"http:\/\/www.kulturtechno.de\/index.php?rest_route=\/wp\/v2\/users\/1"}],"replies":[{"embeddable":true,"href":"http:\/\/www.kulturtechno.de\/index.php?rest_route=%2Fwp%2Fv2%2Fcomments&post=25027"}],"version-history":[{"count":1,"href":"http:\/\/www.kulturtechno.de\/index.php?rest_route=\/wp\/v2\/posts\/25027\/revisions"}],"predecessor-version":[{"id":25028,"href":"http:\/\/www.kulturtechno.de\/index.php?rest_route=\/wp\/v2\/posts\/25027\/revisions\/25028"}],"wp:attachment":[{"href":"http:\/\/www.kulturtechno.de\/index.php?rest_route=%2Fwp%2Fv2%2Fmedia&parent=25027"}],"wp:term":[{"taxonomy":"category","embeddable":true,"href":"http:\/\/www.kulturtechno.de\/index.php?rest_route=%2Fwp%2Fv2%2Fcategories&post=25027"},{"taxonomy":"post_tag","embeddable":true,"href":"http:\/\/www.kulturtechno.de\/index.php?rest_route=%2Fwp%2Fv2%2Ftags&post=25027"}],"curies":[{"name":"wp","href":"https:\/\/api.w.org\/{rel}","templated":true}]}}