{"id":24947,"date":"2022-12-22T05:29:42","date_gmt":"2022-12-22T03:29:42","guid":{"rendered":"http:\/\/www.kulturtechno.de\/?p=24947"},"modified":"2022-12-18T16:31:15","modified_gmt":"2022-12-18T14:31:15","slug":"gespraech-ueber-material-und-motivation-in-der-gegenwartsmusik","status":"publish","type":"post","link":"http:\/\/www.kulturtechno.de\/?p=24947","title":{"rendered":"Gespr\u00e4ch \u00fcber Material und Motivation in der Gegenwartsmusik"},"content":{"rendered":"<p>Ich hatte die Ehre, mit den gesch\u00e4tzten Kolleg*innen auf dem Panel \u00fcber Material und Motivation zu sprechen.<\/p>\n<blockquote><p>\nZu Gast: Neo H\u00fclcker, Christian Kesten, Johannes Kreidler, Andrea Neumann<br \/>\nModeration: Mathias Maschat<\/p>\n<p>echtzeitmusik \u2013 Material und Motivation ist der letzte Teil einer vierteiligen Gespr\u00e4chsreihe rund um das Thema Echtzeitmusik. Die Reihe startete mit einem Austausch zwischen Burkhard Beins, Andrea Neumann und Ignaz Schick \u00fcber 30 Jahre Echtzeitmusik. Jede*r der drei war \u00fcberdies hinaus dazu eingeladen, einen bestimmten Aspekt herauszugreifen und mit selbst gew\u00e4hlten G\u00e4sten zu diskutieren. F\u00fcr den vierten Teil hat Andrea Neumann die Komponist*innen und Performer*innen Neo H\u00fclcker, Christian Kesten und Johannes Kreidler eingeladen, um \u00fcber ihr k\u00fcnstlerisches Material und ihre Motivation als K\u00fcnstler*innen zu sprechen.<\/p>\n<p>Nachdem in den bisherigen Gespr\u00e4chen vor allem historische und kulturpolitische Fragestellungen, kulturelle und generationale Hintergr\u00fcnde, geographische Einflusssph\u00e4ren, Strukturbildungsprozesse und der Netzwerk-Charakter der Echtzeitmusik-Szene behandelt wurden, hat Andrea Neumann damit nun eine dezidiert \u00e4sthetische und zugleich politische Fragestellung aufgeworfen. Fragen nach Material und Motivation sind f\u00fcr sie schon seit Beginn ihrer Karriere von zentraler Bedeutung, und stets war sie auch an einer Ausweitung ihres Materials \u00fcber vorrangig musikalische Aspekte hinaus interessiert: Raum, Objekte, K\u00f6rper, Gesten, Mimik und Kost\u00fcme \u00ad\u00ad\u00ad\u00ad\u00ad\u00ad\u00ad\u2013 eine Erweiterung des Musikbegriffs begreift sie aus ihrer Praxis heraus als der Echtzeitmusik inh\u00e4rent.<\/p>\n<p>Vor diesem Hintergrund wird die Auswahl ihrer hochkar\u00e4tigen G\u00e4ste besonders plausibel, die allesamt ein starkes Interesse an konzeptuellen und performativen Herangehensweisen verbindet. Auch wenn sich die drei eingeladenen Gespr\u00e4chspartner*innen eher in anderen Szenen als der Echtzeitmusik verorten, bestehen \u00fcber Genregrenzen und m\u00f6gliche kritische Sichtweisen hinaus auch Schnittmengen und Ankn\u00fcpfungspunkte in Hinsicht auf \u00e4sthetische, rezeptionsspezifische und politische Fragestellungen.<\/p>\n<p>Moderiert von Mathias Maschat diskutiert Andrea Neumann mit Neo H\u00fclcker, Christian Kesten und Johannes Kreidler k\u00fcnstlerische Positionen, die ihr Selbstverst\u00e4ndnis aus der Erweiterung des Musikbegriffs in Richtung Interdisziplinarit\u00e4t, Medialit\u00e4t und Multimedialit\u00e4t, Konzeptualismus und Performance beziehen. Fragestellungen lauten zudem: Was ist das eigene musikalische oder nicht-musikalische Material? Womit, wof\u00fcr, f\u00fcr wen oder was komponiert man? Was ist Gegenstand der eigenen k\u00fcnstlerischen Arbeit? Gibt es Interaktionen zwischen dem Material und den Performenden? Und wie und wo entstehen St\u00fccke?<\/p>\n<p>Fr\u00fchere Gespr\u00e4che waren neben der Eingangsrunde echtzeitmusik \u2013 \u201cGenerations\u201d, konzipiert von Ignaz Schick und mit den G\u00e4sten Alexander Markvart, Rieko Okuda und Alexander von Schlippenbach, sowie echtzeitmusik and its international connectivity, konzipiert von Burkhard Beins und mit den G\u00e4sten Angharad Davies, Yan Jun und Mari\u00e1 Portugal.<\/p><\/blockquote>\n<p><iframe loading=\"lazy\" width=\"500\" height=\"281\" src=\"https:\/\/www.youtube.com\/embed\/2Y2Bo_Vj0Ug\" title=\"YouTube video player\" frameborder=\"0\" allow=\"accelerometer; autoplay; clipboard-write; encrypted-media; gyroscope; picture-in-picture\" allowfullscreen><\/iframe><\/p>\n","protected":false},"excerpt":{"rendered":"<p>Ich hatte die Ehre, mit den gesch\u00e4tzten Kolleg*innen auf dem Panel \u00fcber Material und Motivation zu sprechen. Zu Gast: Neo H\u00fclcker, Christian Kesten, Johannes Kreidler, Andrea Neumann Moderation: Mathias Maschat echtzeitmusik \u2013 Material und Motivation ist der letzte Teil einer vierteiligen Gespr\u00e4chsreihe rund um das Thema Echtzeitmusik. Die Reihe startete mit einem Austausch zwischen Burkhard [&hellip;]<\/p>\n","protected":false},"author":1,"featured_media":0,"comment_status":"open","ping_status":"open","sticky":false,"template":"","format":"standard","meta":{"_links_to":"","_links_to_target":"","footnotes":""},"categories":[3],"tags":[],"class_list":["post-24947","post","type-post","status-publish","format-standard","hentry","category-id"],"_links":{"self":[{"href":"http:\/\/www.kulturtechno.de\/index.php?rest_route=\/wp\/v2\/posts\/24947"}],"collection":[{"href":"http:\/\/www.kulturtechno.de\/index.php?rest_route=\/wp\/v2\/posts"}],"about":[{"href":"http:\/\/www.kulturtechno.de\/index.php?rest_route=\/wp\/v2\/types\/post"}],"author":[{"embeddable":true,"href":"http:\/\/www.kulturtechno.de\/index.php?rest_route=\/wp\/v2\/users\/1"}],"replies":[{"embeddable":true,"href":"http:\/\/www.kulturtechno.de\/index.php?rest_route=%2Fwp%2Fv2%2Fcomments&post=24947"}],"version-history":[{"count":1,"href":"http:\/\/www.kulturtechno.de\/index.php?rest_route=\/wp\/v2\/posts\/24947\/revisions"}],"predecessor-version":[{"id":24948,"href":"http:\/\/www.kulturtechno.de\/index.php?rest_route=\/wp\/v2\/posts\/24947\/revisions\/24948"}],"wp:attachment":[{"href":"http:\/\/www.kulturtechno.de\/index.php?rest_route=%2Fwp%2Fv2%2Fmedia&parent=24947"}],"wp:term":[{"taxonomy":"category","embeddable":true,"href":"http:\/\/www.kulturtechno.de\/index.php?rest_route=%2Fwp%2Fv2%2Fcategories&post=24947"},{"taxonomy":"post_tag","embeddable":true,"href":"http:\/\/www.kulturtechno.de\/index.php?rest_route=%2Fwp%2Fv2%2Ftags&post=24947"}],"curies":[{"name":"wp","href":"https:\/\/api.w.org\/{rel}","templated":true}]}}