{"id":2489,"date":"2009-11-13T08:16:13","date_gmt":"2009-11-13T06:16:13","guid":{"rendered":"http:\/\/www.kulturtechno.de\/?p=2489"},"modified":"2009-11-09T18:16:53","modified_gmt":"2009-11-09T16:16:53","slug":"tageskommentar","status":"publish","type":"post","link":"http:\/\/www.kulturtechno.de\/?p=2489","title":{"rendered":"Tageskommentar"},"content":{"rendered":"<p>SpOn <a href=\"http:\/\/www.spiegel.de\/politik\/deutschland\/0,1518,659130,00.html\">schreibt<\/a>:<\/p>\n<blockquote><p>\nSchlechter Start f\u00fcr Guido Westerwelles FDP: In der ersten Woche der schwarz-gelben Regierung hat seine Partei laut einer Umfrage bei der Zustimmung der W\u00e4hler drei Prozentpunkte verloren &#8211; und f\u00e4llt damit auf den schlechtesten Wert in diesem Jahr. <\/p><\/blockquote>\n<p>H\u00e4tte das den W\u00e4hlern nicht _etwas fr\u00fcher einfallen k\u00f6nnen?<\/p>\n","protected":false},"excerpt":{"rendered":"<p>SpOn schreibt: Schlechter Start f\u00fcr Guido Westerwelles FDP: In der ersten Woche der schwarz-gelben Regierung hat seine Partei laut einer Umfrage bei der Zustimmung der W\u00e4hler drei Prozentpunkte verloren &#8211; und f\u00e4llt damit auf den schlechtesten Wert in diesem Jahr. H\u00e4tte das den W\u00e4hlern nicht _etwas fr\u00fcher einfallen k\u00f6nnen?<\/p>\n","protected":false},"author":1,"featured_media":0,"comment_status":"open","ping_status":"open","sticky":false,"template":"","format":"standard","meta":{"_links_to":"","_links_to_target":"","footnotes":""},"categories":[12],"tags":[],"class_list":["post-2489","post","type-post","status-publish","format-standard","hentry","category-unkulturflatrate"],"_links":{"self":[{"href":"http:\/\/www.kulturtechno.de\/index.php?rest_route=\/wp\/v2\/posts\/2489"}],"collection":[{"href":"http:\/\/www.kulturtechno.de\/index.php?rest_route=\/wp\/v2\/posts"}],"about":[{"href":"http:\/\/www.kulturtechno.de\/index.php?rest_route=\/wp\/v2\/types\/post"}],"author":[{"embeddable":true,"href":"http:\/\/www.kulturtechno.de\/index.php?rest_route=\/wp\/v2\/users\/1"}],"replies":[{"embeddable":true,"href":"http:\/\/www.kulturtechno.de\/index.php?rest_route=%2Fwp%2Fv2%2Fcomments&post=2489"}],"version-history":[{"count":2,"href":"http:\/\/www.kulturtechno.de\/index.php?rest_route=\/wp\/v2\/posts\/2489\/revisions"}],"predecessor-version":[{"id":2491,"href":"http:\/\/www.kulturtechno.de\/index.php?rest_route=\/wp\/v2\/posts\/2489\/revisions\/2491"}],"wp:attachment":[{"href":"http:\/\/www.kulturtechno.de\/index.php?rest_route=%2Fwp%2Fv2%2Fmedia&parent=2489"}],"wp:term":[{"taxonomy":"category","embeddable":true,"href":"http:\/\/www.kulturtechno.de\/index.php?rest_route=%2Fwp%2Fv2%2Fcategories&post=2489"},{"taxonomy":"post_tag","embeddable":true,"href":"http:\/\/www.kulturtechno.de\/index.php?rest_route=%2Fwp%2Fv2%2Ftags&post=2489"}],"curies":[{"name":"wp","href":"https:\/\/api.w.org\/{rel}","templated":true}]}}