{"id":24754,"date":"2022-09-18T05:30:33","date_gmt":"2022-09-18T03:30:33","guid":{"rendered":"http:\/\/www.kulturtechno.de\/?p=24754"},"modified":"2022-09-11T13:33:41","modified_gmt":"2022-09-11T11:33:41","slug":"noch-mal-werbung-fuer-mich-ausstellung-ghost-notes-in-stuttgart","status":"publish","type":"post","link":"http:\/\/www.kulturtechno.de\/?p=24754","title":{"rendered":"Noch mal Werbung f\u00fcr mich: Ausstellung &#8222;Ghost Notes&#8220; in Stuttgart"},"content":{"rendered":"<p><img loading=\"lazy\" decoding=\"async\" src=\"https:\/\/www.kunststiftung.de\/files\/kusti\/Dateiverwaltung\/Programm\/2022\/KUNSTSTIFTUNG-BW_ghost-notes_900x500px_WEB.jpg\" alt=\"\" width=\"500\" height=\"278\" \/><\/p>\n<p>Mit einigen Arbeiten von mir, darunter meine gro\u00dfe Installation &#8222;All Synthesizers&#8220; &#8211; au\u00dferdem in der Stadt auch auf einer Litfasss\u00e4ule, und auf einem Banner wird meine &#8222;Aura&#8220; zu sehen sein. Kommt zur Vernissage am 23.9.!<\/p>\n<blockquote class=\"twitter-tweet\">\n<p lang=\"de\" dir=\"ltr\">Modell f\u00fcr &quot;Ghost Notes&quot; Ausstellung in Stuttgart, Gustav Siegle Haus, 23.9.-1.12.2022 <a href=\"https:\/\/t.co\/UuuL5jepVS\">pic.twitter.com\/UuuL5jepVS<\/a><\/p>\n<p>&mdash; Kreidler (@_Kreidler) <a href=\"https:\/\/twitter.com\/_Kreidler\/status\/1562046206896914433?ref_src=twsrc%5Etfw\">August 23, 2022<\/a><\/p><\/blockquote>\n<p> <script async src=\"https:\/\/platform.twitter.com\/widgets.js\" charset=\"utf-8\"><\/script> <\/p>\n<p><a href=\"https:\/\/www.kunststiftung.de\/programm\/ghost-notes.html\">https:\/\/www.kunststiftung.de\/programm\/ghost-notes.html<\/a><\/p>\n","protected":false},"excerpt":{"rendered":"<p>Mit einigen Arbeiten von mir, darunter meine gro\u00dfe Installation &#8222;All Synthesizers&#8220; &#8211; au\u00dferdem in der Stadt auch auf einer Litfasss\u00e4ule, und auf einem Banner wird meine &#8222;Aura&#8220; zu sehen sein. Kommt zur Vernissage am 23.9.! Modell f\u00fcr &quot;Ghost Notes&quot; Ausstellung in Stuttgart, Gustav Siegle Haus, 23.9.-1.12.2022 pic.twitter.com\/UuuL5jepVS &mdash; Kreidler (@_Kreidler) August 23, 2022 https:\/\/www.kunststiftung.de\/programm\/ghost-notes.html<\/p>\n","protected":false},"author":1,"featured_media":0,"comment_status":"open","ping_status":"open","sticky":false,"template":"","format":"standard","meta":{"_links_to":"","_links_to_target":"","footnotes":""},"categories":[3],"tags":[],"class_list":["post-24754","post","type-post","status-publish","format-standard","hentry","category-id"],"_links":{"self":[{"href":"http:\/\/www.kulturtechno.de\/index.php?rest_route=\/wp\/v2\/posts\/24754"}],"collection":[{"href":"http:\/\/www.kulturtechno.de\/index.php?rest_route=\/wp\/v2\/posts"}],"about":[{"href":"http:\/\/www.kulturtechno.de\/index.php?rest_route=\/wp\/v2\/types\/post"}],"author":[{"embeddable":true,"href":"http:\/\/www.kulturtechno.de\/index.php?rest_route=\/wp\/v2\/users\/1"}],"replies":[{"embeddable":true,"href":"http:\/\/www.kulturtechno.de\/index.php?rest_route=%2Fwp%2Fv2%2Fcomments&post=24754"}],"version-history":[{"count":3,"href":"http:\/\/www.kulturtechno.de\/index.php?rest_route=\/wp\/v2\/posts\/24754\/revisions"}],"predecessor-version":[{"id":24758,"href":"http:\/\/www.kulturtechno.de\/index.php?rest_route=\/wp\/v2\/posts\/24754\/revisions\/24758"}],"wp:attachment":[{"href":"http:\/\/www.kulturtechno.de\/index.php?rest_route=%2Fwp%2Fv2%2Fmedia&parent=24754"}],"wp:term":[{"taxonomy":"category","embeddable":true,"href":"http:\/\/www.kulturtechno.de\/index.php?rest_route=%2Fwp%2Fv2%2Fcategories&post=24754"},{"taxonomy":"post_tag","embeddable":true,"href":"http:\/\/www.kulturtechno.de\/index.php?rest_route=%2Fwp%2Fv2%2Ftags&post=24754"}],"curies":[{"name":"wp","href":"https:\/\/api.w.org\/{rel}","templated":true}]}}