{"id":24698,"date":"2022-08-26T05:33:08","date_gmt":"2022-08-26T03:33:08","guid":{"rendered":"http:\/\/www.kulturtechno.de\/?p=24698"},"modified":"2022-08-25T19:35:24","modified_gmt":"2022-08-25T17:35:24","slug":"a-brief-story-of-the-roland-tb-303-bassline-synthesizer","status":"publish","type":"post","link":"http:\/\/www.kulturtechno.de\/?p=24698","title":{"rendered":"A Brief Story of the Roland TB -303 Bassline Synthesizer"},"content":{"rendered":"<p>Ein St\u00fcck meiner Jugend &#8211; neben Bach auf dem Klavier war die Revolution des Techno Anfang der 90er eine meiner pr\u00e4genden fr\u00fchen Musikerfahrungen. Und kaum ein Sound hat so sehr die Musik einer Dekade gepr\u00e4gt, vielleicht nur vergleichbar 10 Jahre sp\u00e4ter Autotune.<\/p>\n<p><iframe loading=\"lazy\" width=\"500\" height=\"281\" src=\"https:\/\/www.youtube.com\/embed\/nirWK2Btj40\" title=\"YouTube video player\" frameborder=\"0\" allow=\"accelerometer; autoplay; clipboard-write; encrypted-media; gyroscope; picture-in-picture\" allowfullscreen><\/iframe><\/p>\n<p>(via <a href=\"https:\/\/www.kraftfuttermischwerk.de\/blogg\/a-brief-story-of-the-roland-tb-303-bassline-synthesizer\/\">kfm<\/a>)<\/p>\n","protected":false},"excerpt":{"rendered":"<p>Ein St\u00fcck meiner Jugend &#8211; neben Bach auf dem Klavier war die Revolution des Techno Anfang der 90er eine meiner pr\u00e4genden fr\u00fchen Musikerfahrungen. Und kaum ein Sound hat so sehr die Musik einer Dekade gepr\u00e4gt, vielleicht nur vergleichbar 10 Jahre sp\u00e4ter Autotune. (via kfm)<\/p>\n","protected":false},"author":1,"featured_media":0,"comment_status":"open","ping_status":"open","sticky":false,"template":"","format":"standard","meta":{"_links_to":"","_links_to_target":"","footnotes":""},"categories":[5],"tags":[],"class_list":["post-24698","post","type-post","status-publish","format-standard","hentry","category-technologik"],"_links":{"self":[{"href":"http:\/\/www.kulturtechno.de\/index.php?rest_route=\/wp\/v2\/posts\/24698"}],"collection":[{"href":"http:\/\/www.kulturtechno.de\/index.php?rest_route=\/wp\/v2\/posts"}],"about":[{"href":"http:\/\/www.kulturtechno.de\/index.php?rest_route=\/wp\/v2\/types\/post"}],"author":[{"embeddable":true,"href":"http:\/\/www.kulturtechno.de\/index.php?rest_route=\/wp\/v2\/users\/1"}],"replies":[{"embeddable":true,"href":"http:\/\/www.kulturtechno.de\/index.php?rest_route=%2Fwp%2Fv2%2Fcomments&post=24698"}],"version-history":[{"count":2,"href":"http:\/\/www.kulturtechno.de\/index.php?rest_route=\/wp\/v2\/posts\/24698\/revisions"}],"predecessor-version":[{"id":24700,"href":"http:\/\/www.kulturtechno.de\/index.php?rest_route=\/wp\/v2\/posts\/24698\/revisions\/24700"}],"wp:attachment":[{"href":"http:\/\/www.kulturtechno.de\/index.php?rest_route=%2Fwp%2Fv2%2Fmedia&parent=24698"}],"wp:term":[{"taxonomy":"category","embeddable":true,"href":"http:\/\/www.kulturtechno.de\/index.php?rest_route=%2Fwp%2Fv2%2Fcategories&post=24698"},{"taxonomy":"post_tag","embeddable":true,"href":"http:\/\/www.kulturtechno.de\/index.php?rest_route=%2Fwp%2Fv2%2Ftags&post=24698"}],"curies":[{"name":"wp","href":"https:\/\/api.w.org\/{rel}","templated":true}]}}