{"id":2454,"date":"2009-11-08T06:46:50","date_gmt":"2009-11-08T04:46:50","guid":{"rendered":"http:\/\/www.kulturtechno.de\/?p=2454"},"modified":"2009-11-01T17:51:38","modified_gmt":"2009-11-01T15:51:38","slug":"die-asthetische-wende","status":"publish","type":"post","link":"http:\/\/www.kulturtechno.de\/?p=2454","title":{"rendered":"Die \u00e4sthetische Wende"},"content":{"rendered":"<p>Im aktuellen &#8222;Lettre International&#8220; steht nicht nur das Skandalinterview mit Thilo Sarrazin (wer <a href=\"http:\/\/www.google.de\/search?q=sarrazin+interview+pdf&#038;ie=utf-8&#038;oe=utf-8&#038;aq=t&#038;rls=org.mozilla:en-US:official&#038;client=firefox-a\">googelt<\/a> findet&#8217;s auch im Netz), sondern auch ein sch\u00f6ner Text von <a href=\"http:\/\/www.harrylehmann.net\/\">Harry Lehmann<\/a> mit der These, dass die DDR am Design gescheitert sei.<\/p>\n<p>Mein Lieblingspassus ist:<\/p>\n<blockquote><p>\nZu diesen DDR-Merkw\u00fcrdigkeiten geh\u00f6rt auch, dass man es schick fand, den eigenen Kindern westlich klingende, besonders gern aber amerikanische Vornamen zu geben. Erich, Horst, Willi, Heinz, Egon, Werner und G\u00fcnter entwarfen im Politb\u00fcro den Sozialismus f\u00fcr Mandy, Cindy, Peggy, Kevin, Sandro, Mario, Kathleen, Ronny und Maik.<\/p><\/blockquote>\n<p><a href=\"http:\/\/www.harrylehmann.net\/neu\/wp-content\/uploads\/2009\/05\/lettre_asthetische-wende1.pdf\">Hier<\/a> der ganze Text.<\/p>\n","protected":false},"excerpt":{"rendered":"<p>Im aktuellen &#8222;Lettre International&#8220; steht nicht nur das Skandalinterview mit Thilo Sarrazin (wer googelt findet&#8217;s auch im Netz), sondern auch ein sch\u00f6ner Text von Harry Lehmann mit der These, dass die DDR am Design gescheitert sei. Mein Lieblingspassus ist: Zu diesen DDR-Merkw\u00fcrdigkeiten geh\u00f6rt auch, dass man es schick fand, den eigenen Kindern westlich klingende, besonders [&hellip;]<\/p>\n","protected":false},"author":1,"featured_media":0,"comment_status":"open","ping_status":"open","sticky":false,"template":"","format":"standard","meta":{"_links_to":"","_links_to_target":"","footnotes":""},"categories":[14],"tags":[],"class_list":["post-2454","post","type-post","status-publish","format-standard","hentry","category-veranstaltungen"],"_links":{"self":[{"href":"http:\/\/www.kulturtechno.de\/index.php?rest_route=\/wp\/v2\/posts\/2454"}],"collection":[{"href":"http:\/\/www.kulturtechno.de\/index.php?rest_route=\/wp\/v2\/posts"}],"about":[{"href":"http:\/\/www.kulturtechno.de\/index.php?rest_route=\/wp\/v2\/types\/post"}],"author":[{"embeddable":true,"href":"http:\/\/www.kulturtechno.de\/index.php?rest_route=\/wp\/v2\/users\/1"}],"replies":[{"embeddable":true,"href":"http:\/\/www.kulturtechno.de\/index.php?rest_route=%2Fwp%2Fv2%2Fcomments&post=2454"}],"version-history":[{"count":1,"href":"http:\/\/www.kulturtechno.de\/index.php?rest_route=\/wp\/v2\/posts\/2454\/revisions"}],"predecessor-version":[{"id":2455,"href":"http:\/\/www.kulturtechno.de\/index.php?rest_route=\/wp\/v2\/posts\/2454\/revisions\/2455"}],"wp:attachment":[{"href":"http:\/\/www.kulturtechno.de\/index.php?rest_route=%2Fwp%2Fv2%2Fmedia&parent=2454"}],"wp:term":[{"taxonomy":"category","embeddable":true,"href":"http:\/\/www.kulturtechno.de\/index.php?rest_route=%2Fwp%2Fv2%2Fcategories&post=2454"},{"taxonomy":"post_tag","embeddable":true,"href":"http:\/\/www.kulturtechno.de\/index.php?rest_route=%2Fwp%2Fv2%2Ftags&post=2454"}],"curies":[{"name":"wp","href":"https:\/\/api.w.org\/{rel}","templated":true}]}}