{"id":24472,"date":"2022-05-03T05:17:56","date_gmt":"2022-05-03T03:17:56","guid":{"rendered":"http:\/\/www.kulturtechno.de\/?p=24472"},"modified":"2022-05-02T10:21:01","modified_gmt":"2022-05-02T08:21:01","slug":"nina-noeskes-radio-essay-ueber-anachronismen-musikalischer-gegenwart","status":"publish","type":"post","link":"http:\/\/www.kulturtechno.de\/?p=24472","title":{"rendered":"Nina Noeskes Radio-Essay \u00fcber Anachronismen musikalischer Gegenwart"},"content":{"rendered":"<p>Sehr sch\u00f6ne Sendung von Nina Noeske. Darin auch einige Reflexionen \u00fcber meinen bei den Donaueschinger Musiktagen 2021 uraufgef\u00fchrten Film &#8222;<a href=\"http:\/\/www.kreidler-net.de\/werke\/roh.htm\">20:21 Rhythms of History<\/a>&#8222;.<br \/>\n(Dem Manuskript verdanke ich den Hinweis auf das Nietzsche-Zitat in meinem <a href=\"http:\/\/www.kulturtechno.de\/?p=24430\">Vortrag <\/a>\u00fcber &#8222;20:21 Rhythms of History&#8220;.)<\/p>\n<blockquote><p>\u201eGegenwart\u201c ist in aller Munde: W\u00e4hrend Hans Ulrich Gumbrecht von der \u201ebreiten Gegenwart\u201c spricht, mit einer \u00fcbergro\u00dfen Vielfalt an M\u00f6glichkeiten und daher nur wenig \u201ekonturiert\u201c, geht Armin Nassehi von den \u201eGegenwarten\u201c im Plural aus. Giorgio Agamben indes konstatiert, dass wahre Zeitgenossenschaft mit einem Abstand zur jeweils eigenen Gegenwart einhergeht.<br \/>\nWas aber bedeutet all dies f\u00fcr die aktuelle Musik? Welche Musik l\u00e4sst sich als \u201aMusik der Gegenwart\u2018 oder wahrhaft \u201azeitgen\u00f6ssische Musik\u2018 definieren, wenn musikalische Gegenw\u00e4rtigkeit stets ein Moment der Abweichung &#8211; und damit einen Anachronismus &#8211; impliziert?<\/p><\/blockquote>\n<p><a href=\"https:\/\/www.swr.de\/swr2\/doku-und-feature\/unzeitgemaess-anachronismen-musikalischer-gegenwart-swr2-essay-2022-05-01-100.html?fbclid=IwAR2rkwmxGxrM6yTvWE2CynjKx89F_6JmBDPlfiMEBNaBMjrQZ3SaUKvFGks\">https:\/\/www.swr.de\/swr2\/doku-und-feature\/unzeitgemaess-anachronismen-musikalischer-gegenwart-swr2-essay-2022-05-01-100.html?fbclid=IwAR2rkwmxGxrM6yTvWE2CynjKx89F_6JmBDPlfiMEBNaBMjrQZ3SaUKvFGks<\/a><\/p>\n","protected":false},"excerpt":{"rendered":"<p>Sehr sch\u00f6ne Sendung von Nina Noeske. Darin auch einige Reflexionen \u00fcber meinen bei den Donaueschinger Musiktagen 2021 uraufgef\u00fchrten Film &#8222;20:21 Rhythms of History&#8222;. (Dem Manuskript verdanke ich den Hinweis auf das Nietzsche-Zitat in meinem Vortrag \u00fcber &#8222;20:21 Rhythms of History&#8220;.) \u201eGegenwart\u201c ist in aller Munde: W\u00e4hrend Hans Ulrich Gumbrecht von der \u201ebreiten Gegenwart\u201c spricht, mit [&hellip;]<\/p>\n","protected":false},"author":1,"featured_media":0,"comment_status":"open","ping_status":"open","sticky":false,"template":"","format":"standard","meta":{"_links_to":"","_links_to_target":"","footnotes":""},"categories":[3],"tags":[],"class_list":["post-24472","post","type-post","status-publish","format-standard","hentry","category-id"],"_links":{"self":[{"href":"http:\/\/www.kulturtechno.de\/index.php?rest_route=\/wp\/v2\/posts\/24472"}],"collection":[{"href":"http:\/\/www.kulturtechno.de\/index.php?rest_route=\/wp\/v2\/posts"}],"about":[{"href":"http:\/\/www.kulturtechno.de\/index.php?rest_route=\/wp\/v2\/types\/post"}],"author":[{"embeddable":true,"href":"http:\/\/www.kulturtechno.de\/index.php?rest_route=\/wp\/v2\/users\/1"}],"replies":[{"embeddable":true,"href":"http:\/\/www.kulturtechno.de\/index.php?rest_route=%2Fwp%2Fv2%2Fcomments&post=24472"}],"version-history":[{"count":1,"href":"http:\/\/www.kulturtechno.de\/index.php?rest_route=\/wp\/v2\/posts\/24472\/revisions"}],"predecessor-version":[{"id":24473,"href":"http:\/\/www.kulturtechno.de\/index.php?rest_route=\/wp\/v2\/posts\/24472\/revisions\/24473"}],"wp:attachment":[{"href":"http:\/\/www.kulturtechno.de\/index.php?rest_route=%2Fwp%2Fv2%2Fmedia&parent=24472"}],"wp:term":[{"taxonomy":"category","embeddable":true,"href":"http:\/\/www.kulturtechno.de\/index.php?rest_route=%2Fwp%2Fv2%2Fcategories&post=24472"},{"taxonomy":"post_tag","embeddable":true,"href":"http:\/\/www.kulturtechno.de\/index.php?rest_route=%2Fwp%2Fv2%2Ftags&post=24472"}],"curies":[{"name":"wp","href":"https:\/\/api.w.org\/{rel}","templated":true}]}}