{"id":24430,"date":"2022-04-16T05:42:13","date_gmt":"2022-04-16T03:42:13","guid":{"rendered":"http:\/\/www.kulturtechno.de\/?p=24430"},"modified":"2022-04-14T11:36:47","modified_gmt":"2022-04-14T09:36:47","slug":"2021-rhythms-of-history-vortrag","status":"publish","type":"post","link":"http:\/\/www.kulturtechno.de\/?p=24430","title":{"rendered":"20:21 Rhythms of History, Vortrag"},"content":{"rendered":"<p>Vortrag \u00fcber meinen letztes Jahr bei den Donaueschinger Musiktagen uraufgef\u00fchrten Kinofilm <a href=\"http:\/\/www.kreidler-net.de\/werke\/roh.htm\">20:21 Rhythms of History<\/a>, gehalten am 29.3. an der Hochschule f\u00fcr Musik Basel<\/p>\n<p><iframe loading=\"lazy\" width=\"500\" height=\"281\" src=\"https:\/\/www.youtube.com\/embed\/j-rBdMjLJlg\" title=\"YouTube video player\" frameborder=\"0\" allow=\"accelerometer; autoplay; clipboard-write; encrypted-media; gyroscope; picture-in-picture\" allowfullscreen><\/iframe><\/p>\n","protected":false},"excerpt":{"rendered":"<p>Vortrag \u00fcber meinen letztes Jahr bei den Donaueschinger Musiktagen uraufgef\u00fchrten Kinofilm 20:21 Rhythms of History, gehalten am 29.3. an der Hochschule f\u00fcr Musik Basel<\/p>\n","protected":false},"author":1,"featured_media":0,"comment_status":"open","ping_status":"open","sticky":false,"template":"","format":"standard","meta":{"_links_to":"","_links_to_target":"","footnotes":""},"categories":[3],"tags":[],"class_list":["post-24430","post","type-post","status-publish","format-standard","hentry","category-id"],"_links":{"self":[{"href":"http:\/\/www.kulturtechno.de\/index.php?rest_route=\/wp\/v2\/posts\/24430"}],"collection":[{"href":"http:\/\/www.kulturtechno.de\/index.php?rest_route=\/wp\/v2\/posts"}],"about":[{"href":"http:\/\/www.kulturtechno.de\/index.php?rest_route=\/wp\/v2\/types\/post"}],"author":[{"embeddable":true,"href":"http:\/\/www.kulturtechno.de\/index.php?rest_route=\/wp\/v2\/users\/1"}],"replies":[{"embeddable":true,"href":"http:\/\/www.kulturtechno.de\/index.php?rest_route=%2Fwp%2Fv2%2Fcomments&post=24430"}],"version-history":[{"count":1,"href":"http:\/\/www.kulturtechno.de\/index.php?rest_route=\/wp\/v2\/posts\/24430\/revisions"}],"predecessor-version":[{"id":24431,"href":"http:\/\/www.kulturtechno.de\/index.php?rest_route=\/wp\/v2\/posts\/24430\/revisions\/24431"}],"wp:attachment":[{"href":"http:\/\/www.kulturtechno.de\/index.php?rest_route=%2Fwp%2Fv2%2Fmedia&parent=24430"}],"wp:term":[{"taxonomy":"category","embeddable":true,"href":"http:\/\/www.kulturtechno.de\/index.php?rest_route=%2Fwp%2Fv2%2Fcategories&post=24430"},{"taxonomy":"post_tag","embeddable":true,"href":"http:\/\/www.kulturtechno.de\/index.php?rest_route=%2Fwp%2Fv2%2Ftags&post=24430"}],"curies":[{"name":"wp","href":"https:\/\/api.w.org\/{rel}","templated":true}]}}