{"id":24323,"date":"2022-02-27T16:38:55","date_gmt":"2022-02-27T14:38:55","guid":{"rendered":"http:\/\/www.kulturtechno.de\/?p=24323"},"modified":"2022-02-27T16:38:55","modified_gmt":"2022-02-27T14:38:55","slug":"berliner-wir-sehen-uns-morgen-bei-der-vernissage","status":"publish","type":"post","link":"http:\/\/www.kulturtechno.de\/?p=24323","title":{"rendered":"Berliner: Wir sehen uns morgen bei der Vernissage!"},"content":{"rendered":"<p>Montag, 28.2. ab 18 Uhr ist Vernissage. W\u00fcrde mich freuen, euch dort anzutreffen! Es gibt Getr\u00e4nke, und nat\u00fcrlich gute Kunst. Von Jo Grys und mir.<\/p>\n<blockquote class=\"twitter-tweet\">\n<p lang=\"de\" dir=\"ltr\">Wir sehen uns morgen bei der Vernissage, Berliner! <a href=\"https:\/\/t.co\/Y6VYYmMjBL\">pic.twitter.com\/Y6VYYmMjBL<\/a><\/p>\n<p>&mdash; Kreidler (@_Kreidler) <a href=\"https:\/\/twitter.com\/_Kreidler\/status\/1497928697176862720?ref_src=twsrc%5Etfw\">February 27, 2022<\/a><\/p><\/blockquote>\n<p> <script async src=\"https:\/\/platform.twitter.com\/widgets.js\" charset=\"utf-8\"><\/script> <\/p>\n","protected":false},"excerpt":{"rendered":"<p>Montag, 28.2. ab 18 Uhr ist Vernissage. W\u00fcrde mich freuen, euch dort anzutreffen! Es gibt Getr\u00e4nke, und nat\u00fcrlich gute Kunst. Von Jo Grys und mir. Wir sehen uns morgen bei der Vernissage, Berliner! pic.twitter.com\/Y6VYYmMjBL &mdash; Kreidler (@_Kreidler) February 27, 2022<\/p>\n","protected":false},"author":1,"featured_media":0,"comment_status":"open","ping_status":"open","sticky":false,"template":"","format":"standard","meta":{"_links_to":"","_links_to_target":"","footnotes":""},"categories":[3],"tags":[],"class_list":["post-24323","post","type-post","status-publish","format-standard","hentry","category-id"],"_links":{"self":[{"href":"http:\/\/www.kulturtechno.de\/index.php?rest_route=\/wp\/v2\/posts\/24323"}],"collection":[{"href":"http:\/\/www.kulturtechno.de\/index.php?rest_route=\/wp\/v2\/posts"}],"about":[{"href":"http:\/\/www.kulturtechno.de\/index.php?rest_route=\/wp\/v2\/types\/post"}],"author":[{"embeddable":true,"href":"http:\/\/www.kulturtechno.de\/index.php?rest_route=\/wp\/v2\/users\/1"}],"replies":[{"embeddable":true,"href":"http:\/\/www.kulturtechno.de\/index.php?rest_route=%2Fwp%2Fv2%2Fcomments&post=24323"}],"version-history":[{"count":2,"href":"http:\/\/www.kulturtechno.de\/index.php?rest_route=\/wp\/v2\/posts\/24323\/revisions"}],"predecessor-version":[{"id":24325,"href":"http:\/\/www.kulturtechno.de\/index.php?rest_route=\/wp\/v2\/posts\/24323\/revisions\/24325"}],"wp:attachment":[{"href":"http:\/\/www.kulturtechno.de\/index.php?rest_route=%2Fwp%2Fv2%2Fmedia&parent=24323"}],"wp:term":[{"taxonomy":"category","embeddable":true,"href":"http:\/\/www.kulturtechno.de\/index.php?rest_route=%2Fwp%2Fv2%2Fcategories&post=24323"},{"taxonomy":"post_tag","embeddable":true,"href":"http:\/\/www.kulturtechno.de\/index.php?rest_route=%2Fwp%2Fv2%2Ftags&post=24323"}],"curies":[{"name":"wp","href":"https:\/\/api.w.org\/{rel}","templated":true}]}}